{"id":734,"date":"2025-11-10T09:11:31","date_gmt":"2025-11-10T09:11:31","guid":{"rendered":"https:\/\/agimp.it\/?p=734"},"modified":"2025-11-10T09:11:31","modified_gmt":"2025-11-10T09:11:31","slug":"intervista-a-daniele-incicco-rimandato-a-settembre-e-il-suo-nuovo-singolo","status":"publish","type":"post","link":"https:\/\/agimp.it\/index.php\/2025\/11\/10\/intervista-a-daniele-incicco-rimandato-a-settembre-e-il-suo-nuovo-singolo\/","title":{"rendered":"Intervista a Daniele Incicco &#8220;Rimandato a Settembre&#8221; \u00e8 il suo nuovo singolo"},"content":{"rendered":"<p><strong>Daniele Incicco<\/strong> \u2014 voce che viene dai La Rua, ora con un suo percorso solista \u2014 presenta <strong><em data-start=\"984\" data-end=\"1007\">Rimandato a Settembre<\/em><\/strong> (<strong>Lungomare S.r.l.<\/strong> \/ <strong>Believe<\/strong>), un brano che racconta in modo crudo la sensazione di inadeguatezza e una maturit\u00e0 rimandata. Parliamo con lui di scrittura, identit\u00e0, responsabilit\u00e0 artistica e del passaggio dalla band al profilo solista.<\/p>\n<p><strong>Daniele, il titolo del tuo nuovo singolo \u2014 \u201cRimandato a Settembre\u201d \u2014 \u00e8 una metafora di sconfitta, ma anche di ripartenza. In un\u2019epoca che idolatra la performance, perch\u00e9 hai scelto di scrivere una canzone che espone la vulnerabilit\u00e0 invece di nasconderla?<\/strong><br \/>\n\u00c8 da un po\u2019 di tempo che attingo a quella parte di me pi\u00f9 vera, quella che spesso si ritrova con le sconfitte tra le mani. Mi piace raccontare del loser che \u00e8 in me, di colui che non sempre riesce, che fatica ad amministrare le emozioni, a superare le perdite, ad amare come vorrebbe. In questo caso racconto proprio quella parte che da sempre si \u00e8 sentita rimandata a settembre. In effetti \u00e8 un po\u2019 controcorrente rispetto a ci\u00f2 che si sente in giro: non sto descrivendo un supereroe, ma una persona fallibile. Per\u00f2 le mie debolezze mi ispirano molto pi\u00f9 dei miei punti di forza. Mi piace raccontare le mie cadute pi\u00f9 dei miei salti.<\/p>\n<p><strong>C\u2019\u00e8 una frase che colpisce: \u201cMi hanno sempre detto che la vita \u00e8 una grande scuola e io a scuola ero sempre rimandato a settembre.\u201d \u00c8 ironica, ma anche disarmante. Hai trasformato la vergogna in un linguaggio. Da dove nasce questa necessit\u00e0 di \u201cdisarmare\u201d il fallimento?<\/strong><br \/>\nCredo che le sconfitte siano pistole caricate a salve: non si muore mai davvero per una sconfitta o per un fallimento. Il modo pi\u00f9 giusto per dissacrarlo, disarmarlo, renderlo nullo, \u00e8 raccontarlo, ammirarlo, abbracciarlo. Creare una seconda vita per quella parte di noi che si \u00e8 sentita fallita. Chiss\u00e0 quante volte la vita ci boccer\u00e0 ancora, ma saremo sempre l\u00ec, seduti su quel banco, a cercare il coraggio di aprire un nuovo libro.<\/p>\n<p><strong>La copertina del singolo \u00e8 un pugno nello stomaco: l\u2019uomo col cono dell\u2019asino che emerge da un armadio, nella tua casa natale. Ti sei letteralmente messo a nudo. Ti chiedo: quanto di questo gesto \u00e8 catartico e quanto invece \u00e8 un atto politico contro la narrazione tossica del successo?<\/strong><br \/>\nHo sempre odiato la narrazione tossica del successo, proprio perch\u00e9 ci mette nella condizione di dover chiedere soldi alle nostre canzoni, ai nostri sogni, persino alla nostra persona. Di dover pretendere efficacia da ogni gesto, come se tutto dovesse produrre un risultato. Ma nessuno ha mai chiesto a un seme di produrre frutti, o a una piccola piantina di diventare per forza un albero fiorente. La mia \u00e8 una guerra contro questa idea di successo che dobbiamo avere attaccata in faccia. Io voglio rimanere quello che non ce l\u2019ha fatta, e anche se un giorno dovessi farcela davvero, voglio farcela proprio perch\u00e9 sono il non-eroe.<\/p>\n<p><strong>Il disco \u00e8 prodotto da Vanni Casagrande, che ha lavorato con artisti diversissimi \u2014 da Elisa a Jovanotti. \u00c8 una produzione che tiene insieme intimit\u00e0 e tensione, fragilit\u00e0 ed energia. Che tipo di alchimia si \u00e8 creata tra voi?<\/strong><br \/>\nCon Vanni ci sono state infinite telefonate prima ancora di mettere mano alla musica. Ci siamo confrontati sull\u2019emotivit\u00e0, sulle intenzioni, sulla profondit\u00e0 artistica, sulla verit\u00e0. Abbiamo passato intere giornate a scambiarci pareri su artisti e canzoni che avevano saputo trovare proprio quell\u2019alchimia che cercavamo. Avevamo bisogno di qualcosa di potentissimo e dirompente, ma allo stesso tempo capace di portare, come un piccolo treno, un carico pesantissimo di dinamite. Qualcosa da maneggiare con profonda cura. \u00c8 stato un parto lungo, ma una bellissima avventura che rifarei per ogni canzone, per tutta la vita.<\/p>\n<p><strong>C\u2019\u00e8 un filo conduttore evidente tra i tuoi ultimi singoli \u2014 \u201cPiccola\u201d, \u201cZero Pensieri\u201d e ora \u201cRimandato a Settembre\u201d: sembrano tappe di una liberazione graduale, un viaggio dall\u2019esterno verso l\u2019interno. Stai scrivendo una sorta di autobiografia emotiva, canzone dopo canzone?<\/strong><br \/>\nS\u00ec, devo ammettere che tutte queste canzoni nascono dalla mia vita vera. Avevo bisogno di raccontare qualcosa con una precisione tale che potesse venire solo da ci\u00f2 che ho vissuto sulla mia pelle, da ci\u00f2 che ho visto con i miei occhi. Per essere cos\u00ec preciso e soprattutto sincero, devo comunicare con il pubblico attraverso il canale della verit\u00e0. Tutte queste canzoni hanno un comune denominatore: la mia vita, il mio passato, il mio presente e il mio futuro.<\/p>\n<p><strong>Sei stato la voce e il volto dei La Rua, una band che ha conosciuto visibilit\u00e0, riconoscimenti e persino l\u2019onore di rappresentare l\u2019Italia nel mondo. Ma oggi sembri voler sottrarre, non aggiungere. Cosa hai capito, nel passaggio dalla coralit\u00e0 alla solitudine?<\/strong><br \/>\nCon La Rua ho fatto tanto rumore. In questo momento avevo bisogno di silenzio, di pause, di vuoti. Avevo bisogno di frasi mozze, di parole tronche, di lasciare dello spazio che fosse il pubblico a riempire. Avevo bisogno di non essere muscolare. Forse, in un certo senso, sto descrivendo la parte femminile di me. Quella pi\u00f9 emotiva, leggera, ma allo stesso tempo profonda. Avevo bisogno di cadermi dentro.<\/p>\n<p><strong>Nel tuo percorso con i La Rua c\u2019era una dimensione quasi \u201ccomunitaria\u201d: la musica come esperienza collettiva. Oggi, da solista, sembri tornare al corpo e alla voce, come se cercassi un contatto diretto. \u00c8 una forma di purificazione o un ritorno all\u2019origine?<\/strong><br \/>\nIn questo mio progetto da solista ho sempre cercato di togliere. Di ridurre le produzioni, di arrivare all\u2019osso, di eliminare tutto ci\u00f2 che era abbellimento, corazza, o \u201cnecessit\u00e0\u201d apparente. Queste canzoni devono avere il difetto di essere troppo poco vestite, non devono farsi notare da lontano. Sono canzoni che devi andare a cercare, con cui devi fare il tuo viaggio. Non c\u2019\u00e8 un invito esplicito a partecipare: \u00e8 pi\u00f9 un bisogno, per chi le incontra.<\/p>\n<p><strong>Le tue collaborazioni come autore \u2014 da Alessandra Amoroso a Noemi \u2014 mostrano un\u2019altra parte di te, quella pi\u00f9 strutturata e professionale. Come cambia la scrittura quando non canti tu? Riesci ancora a essere onesto, o entra in gioco la strategia?<\/strong><br \/>\nIl mio problema, nel dare le canzoni agli altri, \u00e8 sempre stato quello di non saper applicare una strategia potente. L\u2019unica cosa che so fare \u00e8 scrivere canzoni. Poi, se queste riescono a diventare un vestito anche per altri, a volte capita che qualcuno lo indossi e lo renda suo. Nel tempo ho imparato che il mio difetto \u00e8 non riuscire a essere altro da ci\u00f2 che sono. Mi \u00e8 costato molto, ma oggi spero che sia diventato un\u2019arma. Un\u2019arma che posso usare per uccidere quelle parti di me che cercano consenso, che vogliono apparire o arrivare.<\/p>\n<p><strong>\u201cRimandato a Settembre\u201d \u00e8 anche un atto di linguaggio: usare un\u2019immagine popolare, scolastica, per parlare di maturit\u00e0 esistenziale. Hai la sensazione che il pop italiano stia recuperando la sua funzione poetica, o \u00e8 ancora prigioniero dell\u2019estetica dell\u2019effimero?<\/strong><br \/>\nIn alcuni nuovi artisti vedo una grande ricerca animica, che arriva ancor prima del parto delle canzoni. In altri, invece, sembra che tutto questo non ci sia: sembra che si stiano solo nutrendo di una superficie. E i frutti, di solito, sono o appesi ai rami o sottoterra. Io ho scelto di andare sottoterra, di andare nel profondo. Mi sono penalizzato sotto l\u2019aspetto dell\u2019estetica, ma avevo bisogno di essere pi\u00f9 sporco di terra che pulito per gli altri.<\/p>\n<p><strong>Hai lavorato con una squadra di musicisti raffinati \u2014 Charlie Mariani, Matteo Grandoni, Nacor Fischetti \u2014 tutti con una sensibilit\u00e0 precisa. In un\u2019industria che tende a ridurre la produzione a formula, come si costruisce ancora un suono \u201cumano\u201d?<\/strong><br \/>\nIl suono umano si ricostruisce, secondo me, attraverso i rapporti umani. I rapporti vengono ancora prima della potenza artistica. Pi\u00f9 emotivit\u00e0 c\u2019\u00e8 nello scambio tra le persone, pi\u00f9 il risultato tiene conto del rispetto reciproco tra gli esseri che hanno partecipato. \u00c8 quasi una forma di rito ancestrale.<\/p>\n<p><strong>Il brano esce con Lungomare, una realt\u00e0 che coniuga tradizione e ricerca, nel catalogo di Branduardi e Mike Francis. Ti senti erede di quella scuola di artigianato musicale, o stai cercando di scardinarla?<\/strong><br \/>\nNon ho mai davvero capito cosa sto cercando artisticamente, o meglio, a chi mi sto rifacendo e chi sto evitando. Ogni volta che cerco di raffinare un brano che ho scritto, mi ritrovo sempre tanto me dentro. Non so se questo sia un bene o se mi stia escludendo da una parte di pubblico, oppure se, inconsapevolmente, mi stia avvicinando a qualche cantautore che nel tempo mi ha colpito al punto da farmi erede dei suoi tentativi. Ma posso dire che questa ricerca mi sta piacendo un casino.<\/p>\n<p><strong>Guardando indietro: Area Sanremo, Amici, Sanremo Giovani, il tour mondiale con la Rai. Tutto questo, oggi, ti pesa addosso come un\u2019etichetta o lo senti come un patrimonio?<\/strong><br \/>\nTendo sempre a dimenticare ci\u00f2 che ho fatto ogni volta che mi metto davanti a una nuova canzone, perch\u00e9 quella canzone potrebbe decretare un fallimento enorme. Ma quel fallimento non deve mai essere agganciato a quanto di bello ho gi\u00e0 vissuto. E poi, a volte, il fallimento di una canzone potrebbe non dipendere n\u00e9 dall\u2019artista n\u00e9 dal pubblico, e magari diventare un successo anni dopo. Tutte le esperienze che ho vissuto mi hanno insegnato una cosa: quando sali sul palco, pi\u00f9 sei stato vero nella scrittura e pi\u00f9 riesci a ritrovarti in contatto con il pubblico.<\/p>\n<p><strong>Nella tua scrittura si avverte una tensione costante tra luce e buio, tra ironia e malinconia. Hai mai pensato che la vera cifra del tuo linguaggio artistico sia la contraddizione?<\/strong><br \/>\nCi sono molti chiaroscuri, s\u00ec. In Piccola c\u2019\u00e8 un\u2019esplosione importante, in Zero Pensieri una persona che si mette davvero a nudo, e in Rimandato a Settembre un contrasto enorme tra una musica dirompente e un cantato flebile. Ho bisogno degli opposti. Ho bisogno dei chiaroscuri. Ho bisogno di quelle tensioni che mettono in risalto entrambe le parti, sia musicali che autorali. Ho bisogno che il silenzio alzi la voce.<\/p>\n<p><strong>C\u2019\u00e8 una generazione di artisti italiani \u2014 da Motta a Fulminacci, da Diodato a Gazzelle \u2014 che sta riportando in auge la vulnerabilit\u00e0 come forma di verit\u00e0. Ti senti parte di questa ondata o ne sei una voce laterale?<\/strong><br \/>\nMi sono sempre sentito parte di quell\u2019ondata, e forse lo sono stato ancora prima di rendermene conto. Come dicevo prima, sono innamorato del loser che \u00e8 in me: \u00e8 molto pi\u00f9 vincente lui di qualsiasi mio atto eroico. Forse davvero, quando perdo, vinco.<\/p>\n<p><strong>Ultima domanda, la pi\u00f9 diretta: se la vita \u00e8 una grande scuola, come dici tu, qual \u00e8 la materia in cui sei ancora rimandato a settembre?<\/strong><br \/>\nForse proprio la matematica. Non so fare i calcoli, non so essere l\u2019ingegnere del mio futuro. Non ho paracadute per non farmi del male, non so amministrare in modo \u201crazionale\u201d ci\u00f2 che deve accadere. Rimango sempre una piccola foglia in balia del vento della creativit\u00e0, e spesso mi ritrovo su terreni in cui mi faccio del male. Per\u00f2 tutto questo \u00e8 per la musica, per le canzoni, per il bambino che \u00e8 in me e che, da sempre, usa la penna ogni volta che non riesce a parlare. E molto spesso gli vedo scrivere cose che per me sono manifesti grandi come case.<\/p>\n","protected":false},"excerpt":{"rendered":"<p>Daniele Incicco \u2014 voce che viene dai La Rua, ora con un suo percorso solista \u2014 presenta Rimandato a Settembre&hellip;<\/p>\n","protected":false},"author":4,"featured_media":736,"comment_status":"open","ping_status":"open","sticky":false,"template":"","format":"standard","meta":{"footnotes":""},"categories":[16,15,14],"tags":[],"class_list":["post-734","post","type-post","status-publish","format-standard","has-post-thumbnail","hentry","category-agimp","category-eventi","category-news"],"yoast_head":"<!-- This site is optimized with the Yoast SEO plugin v20.4 - https:\/\/yoast.com\/wordpress\/plugins\/seo\/ -->\n<title>Intervista a Daniele Incicco &quot;Rimandato a Settembre&quot; \u00e8 il suo nuovo singolo - Agimp<\/title>\n<meta name=\"description\" content=\"Intervista a Daniele Incicco &quot;Rimandato a Settembre&quot; \u00e8 il suo nuovo singolo\" \/>\n<meta name=\"robots\" content=\"index, follow, max-snippet:-1, max-image-preview:large, max-video-preview:-1\" \/>\n<link rel=\"canonical\" href=\"https:\/\/agimp.it\/index.php\/2025\/11\/10\/intervista-a-daniele-incicco-rimandato-a-settembre-e-il-suo-nuovo-singolo\/\" \/>\n<meta property=\"og:locale\" content=\"it_IT\" \/>\n<meta property=\"og:type\" content=\"article\" \/>\n<meta property=\"og:title\" content=\"Intervista a Daniele Incicco &quot;Rimandato a Settembre&quot; \u00e8 il suo nuovo singolo - Agimp\" \/>\n<meta property=\"og:description\" content=\"Intervista a Daniele Incicco &quot;Rimandato a Settembre&quot; \u00e8 il suo nuovo singolo\" \/>\n<meta property=\"og:url\" content=\"https:\/\/agimp.it\/index.php\/2025\/11\/10\/intervista-a-daniele-incicco-rimandato-a-settembre-e-il-suo-nuovo-singolo\/\" \/>\n<meta property=\"og:site_name\" content=\"Agimp\" \/>\n<meta property=\"article:published_time\" content=\"2025-11-10T09:11:31+00:00\" \/>\n<meta property=\"og:image\" content=\"https:\/\/agimp.it\/wp-content\/uploads\/2025\/11\/DANIELE-INCICCO.jpg\" \/>\n\t<meta property=\"og:image:width\" content=\"351\" \/>\n\t<meta property=\"og:image:height\" content=\"351\" \/>\n\t<meta property=\"og:image:type\" content=\"image\/jpeg\" \/>\n<meta name=\"author\" content=\"Agimp\" \/>\n<meta name=\"twitter:card\" content=\"summary_large_image\" \/>\n<meta name=\"twitter:label1\" content=\"Scritto da\" \/>\n\t<meta name=\"twitter:data1\" content=\"Agimp\" \/>\n\t<meta name=\"twitter:label2\" content=\"Tempo di lettura stimato\" \/>\n\t<meta name=\"twitter:data2\" content=\"10 minuti\" \/>\n<script type=\"application\/ld+json\" class=\"yoast-schema-graph\">{\"@context\":\"https:\/\/schema.org\",\"@graph\":[{\"@type\":\"Article\",\"@id\":\"https:\/\/agimp.it\/index.php\/2025\/11\/10\/intervista-a-daniele-incicco-rimandato-a-settembre-e-il-suo-nuovo-singolo\/#article\",\"isPartOf\":{\"@id\":\"https:\/\/agimp.it\/index.php\/2025\/11\/10\/intervista-a-daniele-incicco-rimandato-a-settembre-e-il-suo-nuovo-singolo\/\"},\"author\":{\"name\":\"Agimp\",\"@id\":\"https:\/\/agimp.it\/#\/schema\/person\/b3aa65cde3e25cb99b2bf84900bcb215\"},\"headline\":\"Intervista a Daniele Incicco &#8220;Rimandato a Settembre&#8221; \u00e8 il suo nuovo singolo\",\"datePublished\":\"2025-11-10T09:11:31+00:00\",\"dateModified\":\"2025-11-10T09:11:31+00:00\",\"mainEntityOfPage\":{\"@id\":\"https:\/\/agimp.it\/index.php\/2025\/11\/10\/intervista-a-daniele-incicco-rimandato-a-settembre-e-il-suo-nuovo-singolo\/\"},\"wordCount\":1851,\"commentCount\":0,\"publisher\":{\"@id\":\"https:\/\/agimp.it\/#organization\"},\"articleSection\":[\"AGIMP\",\"Eventi\",\"News\"],\"inLanguage\":\"it-IT\",\"potentialAction\":[{\"@type\":\"CommentAction\",\"name\":\"Comment\",\"target\":[\"https:\/\/agimp.it\/index.php\/2025\/11\/10\/intervista-a-daniele-incicco-rimandato-a-settembre-e-il-suo-nuovo-singolo\/#respond\"]}]},{\"@type\":\"WebPage\",\"@id\":\"https:\/\/agimp.it\/index.php\/2025\/11\/10\/intervista-a-daniele-incicco-rimandato-a-settembre-e-il-suo-nuovo-singolo\/\",\"url\":\"https:\/\/agimp.it\/index.php\/2025\/11\/10\/intervista-a-daniele-incicco-rimandato-a-settembre-e-il-suo-nuovo-singolo\/\",\"name\":\"Intervista a Daniele Incicco \\\"Rimandato a Settembre\\\" \u00e8 il suo nuovo singolo - Agimp\",\"isPartOf\":{\"@id\":\"https:\/\/agimp.it\/#website\"},\"datePublished\":\"2025-11-10T09:11:31+00:00\",\"dateModified\":\"2025-11-10T09:11:31+00:00\",\"description\":\"Intervista a Daniele Incicco \\\"Rimandato a Settembre\\\" \u00e8 il suo nuovo singolo\",\"breadcrumb\":{\"@id\":\"https:\/\/agimp.it\/index.php\/2025\/11\/10\/intervista-a-daniele-incicco-rimandato-a-settembre-e-il-suo-nuovo-singolo\/#breadcrumb\"},\"inLanguage\":\"it-IT\",\"potentialAction\":[{\"@type\":\"ReadAction\",\"target\":[\"https:\/\/agimp.it\/index.php\/2025\/11\/10\/intervista-a-daniele-incicco-rimandato-a-settembre-e-il-suo-nuovo-singolo\/\"]}]},{\"@type\":\"BreadcrumbList\",\"@id\":\"https:\/\/agimp.it\/index.php\/2025\/11\/10\/intervista-a-daniele-incicco-rimandato-a-settembre-e-il-suo-nuovo-singolo\/#breadcrumb\",\"itemListElement\":[{\"@type\":\"ListItem\",\"position\":1,\"name\":\"Home\",\"item\":\"https:\/\/agimp.it\/\"},{\"@type\":\"ListItem\",\"position\":2,\"name\":\"Intervista a Daniele Incicco &#8220;Rimandato a Settembre&#8221; \u00e8 il suo nuovo singolo\"}]},{\"@type\":\"WebSite\",\"@id\":\"https:\/\/agimp.it\/#website\",\"url\":\"https:\/\/agimp.it\/\",\"name\":\"Agimp\",\"description\":\"Sito ufficiale dell&#039;Associazione Giornalisti e critici Italiani di Musica Popolare contemporanea\",\"publisher\":{\"@id\":\"https:\/\/agimp.it\/#organization\"},\"potentialAction\":[{\"@type\":\"SearchAction\",\"target\":{\"@type\":\"EntryPoint\",\"urlTemplate\":\"https:\/\/agimp.it\/?s={search_term_string}\"},\"query-input\":\"required name=search_term_string\"}],\"inLanguage\":\"it-IT\"},{\"@type\":\"Organization\",\"@id\":\"https:\/\/agimp.it\/#organization\",\"name\":\"Agimp\",\"url\":\"https:\/\/agimp.it\/\",\"logo\":{\"@type\":\"ImageObject\",\"inLanguage\":\"it-IT\",\"@id\":\"https:\/\/agimp.it\/#\/schema\/logo\/image\/\",\"url\":\"https:\/\/agimp.it\/wp-content\/uploads\/2022\/03\/cropped-banner-sito.jpg\",\"contentUrl\":\"https:\/\/agimp.it\/wp-content\/uploads\/2022\/03\/cropped-banner-sito.jpg\",\"width\":1000,\"height\":327,\"caption\":\"Agimp\"},\"image\":{\"@id\":\"https:\/\/agimp.it\/#\/schema\/logo\/image\/\"}},{\"@type\":\"Person\",\"@id\":\"https:\/\/agimp.it\/#\/schema\/person\/b3aa65cde3e25cb99b2bf84900bcb215\",\"name\":\"Agimp\",\"image\":{\"@type\":\"ImageObject\",\"inLanguage\":\"it-IT\",\"@id\":\"https:\/\/agimp.it\/#\/schema\/person\/image\/\",\"url\":\"https:\/\/secure.gravatar.com\/avatar\/46b79ab6e61709b4f7376434b6cb7c91c80597ced7305408046ea8a17dc34fc2?s=96&d=mm&r=g\",\"contentUrl\":\"https:\/\/secure.gravatar.com\/avatar\/46b79ab6e61709b4f7376434b6cb7c91c80597ced7305408046ea8a17dc34fc2?s=96&d=mm&r=g\",\"caption\":\"Agimp\"},\"sameAs\":[\"http:\/\/www.agimp.it\"],\"url\":\"https:\/\/agimp.it\/index.php\/author\/agimp\/\"}]}<\/script>\n<!-- \/ Yoast SEO plugin. -->","yoast_head_json":{"title":"Intervista a Daniele Incicco \"Rimandato a Settembre\" \u00e8 il suo nuovo singolo - Agimp","description":"Intervista a Daniele Incicco \"Rimandato a Settembre\" \u00e8 il suo nuovo singolo","robots":{"index":"index","follow":"follow","max-snippet":"max-snippet:-1","max-image-preview":"max-image-preview:large","max-video-preview":"max-video-preview:-1"},"canonical":"https:\/\/agimp.it\/index.php\/2025\/11\/10\/intervista-a-daniele-incicco-rimandato-a-settembre-e-il-suo-nuovo-singolo\/","og_locale":"it_IT","og_type":"article","og_title":"Intervista a Daniele Incicco \"Rimandato a Settembre\" \u00e8 il suo nuovo singolo - Agimp","og_description":"Intervista a Daniele Incicco \"Rimandato a Settembre\" \u00e8 il suo nuovo singolo","og_url":"https:\/\/agimp.it\/index.php\/2025\/11\/10\/intervista-a-daniele-incicco-rimandato-a-settembre-e-il-suo-nuovo-singolo\/","og_site_name":"Agimp","article_published_time":"2025-11-10T09:11:31+00:00","og_image":[{"width":351,"height":351,"url":"https:\/\/agimp.it\/wp-content\/uploads\/2025\/11\/DANIELE-INCICCO.jpg","type":"image\/jpeg"}],"author":"Agimp","twitter_card":"summary_large_image","twitter_misc":{"Scritto da":"Agimp","Tempo di lettura stimato":"10 minuti"},"schema":{"@context":"https:\/\/schema.org","@graph":[{"@type":"Article","@id":"https:\/\/agimp.it\/index.php\/2025\/11\/10\/intervista-a-daniele-incicco-rimandato-a-settembre-e-il-suo-nuovo-singolo\/#article","isPartOf":{"@id":"https:\/\/agimp.it\/index.php\/2025\/11\/10\/intervista-a-daniele-incicco-rimandato-a-settembre-e-il-suo-nuovo-singolo\/"},"author":{"name":"Agimp","@id":"https:\/\/agimp.it\/#\/schema\/person\/b3aa65cde3e25cb99b2bf84900bcb215"},"headline":"Intervista a Daniele Incicco &#8220;Rimandato a Settembre&#8221; \u00e8 il suo nuovo singolo","datePublished":"2025-11-10T09:11:31+00:00","dateModified":"2025-11-10T09:11:31+00:00","mainEntityOfPage":{"@id":"https:\/\/agimp.it\/index.php\/2025\/11\/10\/intervista-a-daniele-incicco-rimandato-a-settembre-e-il-suo-nuovo-singolo\/"},"wordCount":1851,"commentCount":0,"publisher":{"@id":"https:\/\/agimp.it\/#organization"},"articleSection":["AGIMP","Eventi","News"],"inLanguage":"it-IT","potentialAction":[{"@type":"CommentAction","name":"Comment","target":["https:\/\/agimp.it\/index.php\/2025\/11\/10\/intervista-a-daniele-incicco-rimandato-a-settembre-e-il-suo-nuovo-singolo\/#respond"]}]},{"@type":"WebPage","@id":"https:\/\/agimp.it\/index.php\/2025\/11\/10\/intervista-a-daniele-incicco-rimandato-a-settembre-e-il-suo-nuovo-singolo\/","url":"https:\/\/agimp.it\/index.php\/2025\/11\/10\/intervista-a-daniele-incicco-rimandato-a-settembre-e-il-suo-nuovo-singolo\/","name":"Intervista a Daniele Incicco \"Rimandato a Settembre\" \u00e8 il suo nuovo singolo - Agimp","isPartOf":{"@id":"https:\/\/agimp.it\/#website"},"datePublished":"2025-11-10T09:11:31+00:00","dateModified":"2025-11-10T09:11:31+00:00","description":"Intervista a Daniele Incicco \"Rimandato a Settembre\" \u00e8 il suo nuovo singolo","breadcrumb":{"@id":"https:\/\/agimp.it\/index.php\/2025\/11\/10\/intervista-a-daniele-incicco-rimandato-a-settembre-e-il-suo-nuovo-singolo\/#breadcrumb"},"inLanguage":"it-IT","potentialAction":[{"@type":"ReadAction","target":["https:\/\/agimp.it\/index.php\/2025\/11\/10\/intervista-a-daniele-incicco-rimandato-a-settembre-e-il-suo-nuovo-singolo\/"]}]},{"@type":"BreadcrumbList","@id":"https:\/\/agimp.it\/index.php\/2025\/11\/10\/intervista-a-daniele-incicco-rimandato-a-settembre-e-il-suo-nuovo-singolo\/#breadcrumb","itemListElement":[{"@type":"ListItem","position":1,"name":"Home","item":"https:\/\/agimp.it\/"},{"@type":"ListItem","position":2,"name":"Intervista a Daniele Incicco &#8220;Rimandato a Settembre&#8221; \u00e8 il suo nuovo singolo"}]},{"@type":"WebSite","@id":"https:\/\/agimp.it\/#website","url":"https:\/\/agimp.it\/","name":"Agimp","description":"Sito ufficiale dell&#039;Associazione Giornalisti e critici Italiani di Musica Popolare contemporanea","publisher":{"@id":"https:\/\/agimp.it\/#organization"},"potentialAction":[{"@type":"SearchAction","target":{"@type":"EntryPoint","urlTemplate":"https:\/\/agimp.it\/?s={search_term_string}"},"query-input":"required name=search_term_string"}],"inLanguage":"it-IT"},{"@type":"Organization","@id":"https:\/\/agimp.it\/#organization","name":"Agimp","url":"https:\/\/agimp.it\/","logo":{"@type":"ImageObject","inLanguage":"it-IT","@id":"https:\/\/agimp.it\/#\/schema\/logo\/image\/","url":"https:\/\/agimp.it\/wp-content\/uploads\/2022\/03\/cropped-banner-sito.jpg","contentUrl":"https:\/\/agimp.it\/wp-content\/uploads\/2022\/03\/cropped-banner-sito.jpg","width":1000,"height":327,"caption":"Agimp"},"image":{"@id":"https:\/\/agimp.it\/#\/schema\/logo\/image\/"}},{"@type":"Person","@id":"https:\/\/agimp.it\/#\/schema\/person\/b3aa65cde3e25cb99b2bf84900bcb215","name":"Agimp","image":{"@type":"ImageObject","inLanguage":"it-IT","@id":"https:\/\/agimp.it\/#\/schema\/person\/image\/","url":"https:\/\/secure.gravatar.com\/avatar\/46b79ab6e61709b4f7376434b6cb7c91c80597ced7305408046ea8a17dc34fc2?s=96&d=mm&r=g","contentUrl":"https:\/\/secure.gravatar.com\/avatar\/46b79ab6e61709b4f7376434b6cb7c91c80597ced7305408046ea8a17dc34fc2?s=96&d=mm&r=g","caption":"Agimp"},"sameAs":["http:\/\/www.agimp.it"],"url":"https:\/\/agimp.it\/index.php\/author\/agimp\/"}]}},"_links":{"self":[{"href":"https:\/\/agimp.it\/index.php\/wp-json\/wp\/v2\/posts\/734","targetHints":{"allow":["GET"]}}],"collection":[{"href":"https:\/\/agimp.it\/index.php\/wp-json\/wp\/v2\/posts"}],"about":[{"href":"https:\/\/agimp.it\/index.php\/wp-json\/wp\/v2\/types\/post"}],"author":[{"embeddable":true,"href":"https:\/\/agimp.it\/index.php\/wp-json\/wp\/v2\/users\/4"}],"replies":[{"embeddable":true,"href":"https:\/\/agimp.it\/index.php\/wp-json\/wp\/v2\/comments?post=734"}],"version-history":[{"count":4,"href":"https:\/\/agimp.it\/index.php\/wp-json\/wp\/v2\/posts\/734\/revisions"}],"predecessor-version":[{"id":739,"href":"https:\/\/agimp.it\/index.php\/wp-json\/wp\/v2\/posts\/734\/revisions\/739"}],"wp:featuredmedia":[{"embeddable":true,"href":"https:\/\/agimp.it\/index.php\/wp-json\/wp\/v2\/media\/736"}],"wp:attachment":[{"href":"https:\/\/agimp.it\/index.php\/wp-json\/wp\/v2\/media?parent=734"}],"wp:term":[{"taxonomy":"category","embeddable":true,"href":"https:\/\/agimp.it\/index.php\/wp-json\/wp\/v2\/categories?post=734"},{"taxonomy":"post_tag","embeddable":true,"href":"https:\/\/agimp.it\/index.php\/wp-json\/wp\/v2\/tags?post=734"}],"curies":[{"name":"wp","href":"https:\/\/api.w.org\/{rel}","templated":true}]}}