{"id":715,"date":"2025-07-31T10:45:01","date_gmt":"2025-07-31T10:45:01","guid":{"rendered":"https:\/\/agimp.it\/?p=715"},"modified":"2025-07-31T10:45:01","modified_gmt":"2025-07-31T10:45:01","slug":"il-tour-nazionale-del-prestigioso-premio-de-andre-e-ti-piace-lasciarti-ascoltare-dedicato-alla-ricerca-e-allincontro-di-nuovi-talenti-continua-il-suo-viaggio-nelle-regioni-italiane-il-1","status":"publish","type":"post","link":"https:\/\/agimp.it\/index.php\/2025\/07\/31\/il-tour-nazionale-del-prestigioso-premio-de-andre-e-ti-piace-lasciarti-ascoltare-dedicato-alla-ricerca-e-allincontro-di-nuovi-talenti-continua-il-suo-viaggio-nelle-regioni-italiane-il-1\/","title":{"rendered":"IL TOUR NAZIONALE DEL PRESTIGIOSO PREMIO DE ANDR\u00c9 &#8211; E TI PIACE LASCIARTI ASCOLTARE DEDICATO ALLA RICERCA E ALL\u2019INCONTRO DI NUOVI TALENTI  CONTINUA IL SUO VIAGGIO NELLE REGIONI ITALIANE  IL 1\u00b0 AGOSTO FA TAPPA IN SICILIA ALLO Z\u014c CENTRO CULTURE CONTEMPORANEE DI CATANIA  LE SEMIFINALI NAZIONALI SI TERRANNO IL 3 &#8211; 4 E 5 SETTEMBRE AD ISERNIA IN MOLISE"},"content":{"rendered":"<p>Prosegue con successo il tour nazionale del prestigioso <em><strong>Premio Fabrizio De Andr\u00e9<\/strong><\/em> con il progetto-format \u201c<em><strong>E ti piace lasciarti ascoltare<\/strong><\/em>\u201d, dedicato alla ricerca e all\u2019incontro di nuovi talenti.<\/p>\n<p>Promotori e produttori culturali partner del Premio, operanti in Centri Culturali di Produzione e Formazione, Teatri e Live Club, Festival e Rassegne Musicali organizzano concerti nelle diverse regioni italiane per incontrare e ascoltare talenti del territorio.<br \/>\nUn progetto capillare su tutto il territorio italiano che desidera valorizzare il talento di ragazzi e ragazze e dare possibilit\u00e0 di emergere anche a chi non vive nei grandi centri. Considerando che ogni anno gli iscritti al <em><strong>Premio De Andr\u00e9<\/strong><\/em> superano il migliaio, resta evidente quanta \u201c<strong>richiesta di ascolto<\/strong>\u201d ci sia nei territori e tra le nuove generazioni, per le quali Faber resta riferimento e ispirazione indiscussa.<br \/>\nLa prossima tappa si terr\u00e0 il <strong>1\u00b0 agosto in Sicilia<\/strong> a Catania allo <strong>Z\u014d CENTRO CULTURE CONTEMPORANEE<\/strong>. Il Promotore<img loading=\"lazy\" decoding=\"async\" class=\"alignright  wp-image-710\" src=\"https:\/\/agimp.it\/wp-content\/uploads\/2025\/07\/Schermata-2025-07-28-alle-13.11.32-1.png\" alt=\"\" width=\"113\" height=\"325\" \/> referente \u00e8 <strong>Sergio Zinna<\/strong>, Founder\/Direttore Artistico <strong>Zo Centro Culture Contemporanee<\/strong> (CT). In Commissione <strong>Luisa Melis<\/strong>, <strong>Teresa Mariano<\/strong> e <strong>Sergio Zinna<\/strong>.<\/p>\n<p>In questa seconda edizione del progetto, ogni promotore territoriale di riferimento, potr\u00e0 selezionare fino a 10 artisti, da sottoporre, attraverso un evento live aperto al pubblico, alla direzione artistica del Premio supportata da una <strong>Commissione Artistica di qualit\u00e0<\/strong> composta da:<strong> Luisa Melis<\/strong> (Direttrice artistica del Premio), <strong>Mauro Ermanno Giovanardi<\/strong>, <strong>Cristina Don\u00e0<\/strong>, <strong>Pino Marino<\/strong>, <strong>Ginevra Di Marco<\/strong>, <strong>Teresa De Sio<\/strong> (cantautori), <strong>Massimo Poggini<\/strong>, <strong>Marinella Venegoni,<\/strong> <strong>Paola Gallo<\/strong>, <strong>Pietro D\u2019Ottavio<\/strong> (giornalisti e critici musicali), <strong>Luca Zannotti<\/strong>, <strong>Alessandro Ceccarelli<\/strong>, <strong>Franco Zanetti<\/strong> (manager e produttori culturali), <strong>Teresa Mariano<\/strong> (ideatrice per Borghi Artistici di \u201cE ti piace lasciarti ascoltare\u201d).<br \/>\nNel rispetto degli Artisti e della <strong>Mission del Premio<\/strong>, non si emetteranno giudizi o voti di classificazione.<br \/>\nIl Premio si propone di ascoltare giovani talenti, incontrandoli nei veri vivai della buona musica italiana, in luoghi e territori da sostenere e promuovere nel migliore dei modi, specialmente in un periodo storico-culturale cos\u00ec difficile e particolare per il nostro Paese.<\/p>\n<p>Per approfondire l\u2019esperienza di incontro e conoscenza con il Premio e i professionisti membri della commissione, il progetto prevede la realizzazione di \u201c<strong>un\u2019Aula Aperta<\/strong>\u201d, un incontro-dibattito funzionale a poter rispondere ad eventuali domande da parte degli artisti e a fornire informazioni utili allo sviluppo del loro percorso artistico.<br \/>\nOgni Artista potr\u00e0 eseguire due brani di propria composizione, senza nessun costo di iscrizione.<br \/>\nSi andr\u00e0 dalla canzone d\u2019autore classica, al rap, al rock, al jazz. Il Premio come sempre prescinde dal genere musicale proposto. <strong>Unica richiesta: Originalit\u00e0<\/strong><br \/>\nDa ogni tappa live, verr\u00e0 selezionato un solo artista che acceder\u00e0 direttamente alle <strong>Semifinali Nazionali del Premio Fabrizio De Andr\u00e9 2025<\/strong>, senza dover seguire l\u2019iter consueto di iscrizione al <em>contest<\/em> annuale del Premio.<br \/>\n<strong>Le Semifinali Nazionali si terranno il 3 &#8211; 4 e 5 Settembre nuovamente ad Isernia in Molise<\/strong>.<\/p>\n<p>&#8211; Direzione Artistica \u2013<strong> Luisa Melis<\/strong><br \/>\n<a href=\"https:\/\/www.premiofabriziodeandre.it\/\"><strong>https:\/\/www.premiofabriziodeandre.it\/<\/strong><\/a><br \/>\n&#8211; Collegio artistico base :<br \/>\n<strong>Mauro Ermanno Giovanardi<\/strong> \u2013 <strong>Teresa Mariano<\/strong> \u2013 <strong>Massimo Poggini<\/strong> \u2013 <strong>Pino Marino<\/strong><br \/>\n&#8211; Progettazione &amp; Produzione \u2013 <strong>Borghi Artistici I.S. Srl.<\/strong><br \/>\n<a href=\"https:\/\/www.borghiartistici.com\/it\/\"><strong>https:\/\/www.borghiartistici.com\/it\/<\/strong><\/a><\/p>\n<p>Patrocini :<br \/>\n&#8211; <strong>FONDAZIONE FABRIZIO DE ANDRE\u2019 Onlus<\/strong><br \/>\n<a href=\"http:\/\/www.fabriziodeandre.it\/tributi\/premio-de-andre\/\"><strong>http:\/\/www.fabriziodeandre.it\/tributi\/premio-de-andre\/<\/strong><\/a><br \/>\n&#8211; <strong>ASSOMUSICA<\/strong><br \/>\n<a href=\"https:\/\/assomusica.org\/it\/homepage.html\"><strong>https:\/\/assomusica.org\/it\/homepage.html<\/strong><\/a><br \/>\n&#8211; <strong>NUOVO IMAIE<\/strong><br \/>\n<strong><a href=\"https:\/\/www.nuovoimaie.it\/\">https:\/\/www.nuovoimaie.it\/<\/a><\/strong><br \/>\n&#8211; <strong>AGIMP<\/strong><br \/>\n<a href=\"https:\/\/agimp.it\/\"><strong>https:\/\/agimp.it\/<\/strong><\/a><\/p>\n<p>Partner:<br \/>\n&#8211; <strong>ICOMPANY<\/strong> &#8211; <a href=\"https:\/\/www.icompany.it\/\"><strong>https:\/\/www.icompany.it\/<\/strong><\/a><br \/>\n&#8211; <strong>ROCKOL<\/strong> &#8211; <a href=\"https:\/\/www.rockol.it\/\"><strong>https:\/\/www.rockol.it\/<\/strong><\/a><\/p>\n<p><strong>Media Relations<\/strong> <a href=\"mailto:angelicimedia@gmail.com\"><strong>angelicimedia@gmail.com<\/strong><\/a><br \/>\n<strong>Lucia Angelici<\/strong> +39.348.2302556<\/p>\n<p><img loading=\"lazy\" decoding=\"async\" class=\"alignright size-full wp-image-673\" src=\"https:\/\/agimp.it\/wp-content\/uploads\/2025\/06\/Schermata-2025-06-13-alle-11.45.03.png\" alt=\"\" width=\"1886\" height=\"330\" \/><\/p>\n","protected":false},"excerpt":{"rendered":"<p>Prosegue con successo il tour nazionale del prestigioso Premio Fabrizio De Andr\u00e9 con il progetto-format \u201cE ti piace lasciarti ascoltare\u201d,&hellip;<\/p>\n","protected":false},"author":4,"featured_media":676,"comment_status":"open","ping_status":"open","sticky":false,"template":"","format":"standard","meta":{"footnotes":""},"categories":[16,15,14],"tags":[],"class_list":["post-715","post","type-post","status-publish","format-standard","has-post-thumbnail","hentry","category-agimp","category-eventi","category-news"],"yoast_head":"<!-- This site is optimized with the Yoast SEO plugin v20.4 - https:\/\/yoast.com\/wordpress\/plugins\/seo\/ -->\n<title>IL TOUR NAZIONALE DEL PRESTIGIOSO PREMIO DE ANDR\u00c9 - E TI PIACE LASCIARTI ASCOLTARE DEDICATO ALLA RICERCA E ALL\u2019INCONTRO DI NUOVI TALENTI CONTINUA IL SUO VIAGGIO NELLE REGIONI ITALIANE IL 1\u00b0 AGOSTO FA TAPPA IN SICILIA ALLO Z\u014c CENTRO CULTURE CONTEMPORANEE DI CATANIA LE SEMIFINALI NAZIONALI SI TERRANNO IL 3 - 4 E 5 SETTEMBRE AD ISERNIA IN MOLISE - Agimp<\/title>\n<meta name=\"robots\" content=\"index, follow, max-snippet:-1, max-image-preview:large, max-video-preview:-1\" \/>\n<link rel=\"canonical\" href=\"https:\/\/agimp.it\/index.php\/2025\/07\/31\/il-tour-nazionale-del-prestigioso-premio-de-andre-e-ti-piace-lasciarti-ascoltare-dedicato-alla-ricerca-e-allincontro-di-nuovi-talenti-continua-il-suo-viaggio-nelle-regioni-italiane-il-1\/\" \/>\n<meta property=\"og:locale\" content=\"it_IT\" \/>\n<meta property=\"og:type\" content=\"article\" \/>\n<meta property=\"og:title\" content=\"IL TOUR NAZIONALE DEL PRESTIGIOSO PREMIO DE ANDR\u00c9 - E TI PIACE LASCIARTI ASCOLTARE DEDICATO ALLA RICERCA E ALL\u2019INCONTRO DI NUOVI TALENTI CONTINUA IL SUO VIAGGIO NELLE REGIONI ITALIANE IL 1\u00b0 AGOSTO FA TAPPA IN SICILIA ALLO Z\u014c CENTRO CULTURE CONTEMPORANEE DI CATANIA LE SEMIFINALI NAZIONALI SI TERRANNO IL 3 - 4 E 5 SETTEMBRE AD ISERNIA IN MOLISE - Agimp\" \/>\n<meta property=\"og:description\" content=\"Prosegue con successo il tour nazionale del prestigioso Premio Fabrizio De Andr\u00e9 con il progetto-format \u201cE ti piace lasciarti ascoltare\u201d,&hellip;\" \/>\n<meta property=\"og:url\" content=\"https:\/\/agimp.it\/index.php\/2025\/07\/31\/il-tour-nazionale-del-prestigioso-premio-de-andre-e-ti-piace-lasciarti-ascoltare-dedicato-alla-ricerca-e-allincontro-di-nuovi-talenti-continua-il-suo-viaggio-nelle-regioni-italiane-il-1\/\" \/>\n<meta property=\"og:site_name\" content=\"Agimp\" \/>\n<meta property=\"article:published_time\" content=\"2025-07-31T10:45:01+00:00\" \/>\n<meta property=\"og:image\" content=\"https:\/\/agimp.it\/wp-content\/uploads\/2025\/06\/Schermata-2025-06-13-alle-11.59.52.png\" \/>\n\t<meta property=\"og:image:width\" content=\"1010\" \/>\n\t<meta property=\"og:image:height\" content=\"686\" \/>\n\t<meta property=\"og:image:type\" content=\"image\/png\" \/>\n<meta name=\"author\" content=\"Agimp\" \/>\n<meta name=\"twitter:card\" content=\"summary_large_image\" \/>\n<meta name=\"twitter:label1\" content=\"Scritto da\" \/>\n\t<meta name=\"twitter:data1\" content=\"Agimp\" \/>\n\t<meta name=\"twitter:label2\" content=\"Tempo di lettura stimato\" \/>\n\t<meta name=\"twitter:data2\" content=\"4 minuti\" \/>\n<script type=\"application\/ld+json\" class=\"yoast-schema-graph\">{\"@context\":\"https:\/\/schema.org\",\"@graph\":[{\"@type\":\"Article\",\"@id\":\"https:\/\/agimp.it\/index.php\/2025\/07\/31\/il-tour-nazionale-del-prestigioso-premio-de-andre-e-ti-piace-lasciarti-ascoltare-dedicato-alla-ricerca-e-allincontro-di-nuovi-talenti-continua-il-suo-viaggio-nelle-regioni-italiane-il-1\/#article\",\"isPartOf\":{\"@id\":\"https:\/\/agimp.it\/index.php\/2025\/07\/31\/il-tour-nazionale-del-prestigioso-premio-de-andre-e-ti-piace-lasciarti-ascoltare-dedicato-alla-ricerca-e-allincontro-di-nuovi-talenti-continua-il-suo-viaggio-nelle-regioni-italiane-il-1\/\"},\"author\":{\"name\":\"Agimp\",\"@id\":\"https:\/\/agimp.it\/#\/schema\/person\/b3aa65cde3e25cb99b2bf84900bcb215\"},\"headline\":\"IL TOUR NAZIONALE DEL PRESTIGIOSO PREMIO DE ANDR\u00c9 &#8211; E TI PIACE LASCIARTI ASCOLTARE DEDICATO ALLA RICERCA E ALL\u2019INCONTRO DI NUOVI TALENTI CONTINUA IL SUO VIAGGIO NELLE REGIONI ITALIANE IL 1\u00b0 AGOSTO FA TAPPA IN SICILIA ALLO Z\u014c CENTRO CULTURE CONTEMPORANEE DI CATANIA LE SEMIFINALI NAZIONALI SI TERRANNO IL 3 &#8211; 4 E 5 SETTEMBRE AD ISERNIA IN MOLISE\",\"datePublished\":\"2025-07-31T10:45:01+00:00\",\"dateModified\":\"2025-07-31T10:45:01+00:00\",\"mainEntityOfPage\":{\"@id\":\"https:\/\/agimp.it\/index.php\/2025\/07\/31\/il-tour-nazionale-del-prestigioso-premio-de-andre-e-ti-piace-lasciarti-ascoltare-dedicato-alla-ricerca-e-allincontro-di-nuovi-talenti-continua-il-suo-viaggio-nelle-regioni-italiane-il-1\/\"},\"wordCount\":605,\"commentCount\":0,\"publisher\":{\"@id\":\"https:\/\/agimp.it\/#organization\"},\"articleSection\":[\"AGIMP\",\"Eventi\",\"News\"],\"inLanguage\":\"it-IT\",\"potentialAction\":[{\"@type\":\"CommentAction\",\"name\":\"Comment\",\"target\":[\"https:\/\/agimp.it\/index.php\/2025\/07\/31\/il-tour-nazionale-del-prestigioso-premio-de-andre-e-ti-piace-lasciarti-ascoltare-dedicato-alla-ricerca-e-allincontro-di-nuovi-talenti-continua-il-suo-viaggio-nelle-regioni-italiane-il-1\/#respond\"]}]},{\"@type\":\"WebPage\",\"@id\":\"https:\/\/agimp.it\/index.php\/2025\/07\/31\/il-tour-nazionale-del-prestigioso-premio-de-andre-e-ti-piace-lasciarti-ascoltare-dedicato-alla-ricerca-e-allincontro-di-nuovi-talenti-continua-il-suo-viaggio-nelle-regioni-italiane-il-1\/\",\"url\":\"https:\/\/agimp.it\/index.php\/2025\/07\/31\/il-tour-nazionale-del-prestigioso-premio-de-andre-e-ti-piace-lasciarti-ascoltare-dedicato-alla-ricerca-e-allincontro-di-nuovi-talenti-continua-il-suo-viaggio-nelle-regioni-italiane-il-1\/\",\"name\":\"IL TOUR NAZIONALE DEL PRESTIGIOSO PREMIO DE ANDR\u00c9 - E TI PIACE LASCIARTI ASCOLTARE DEDICATO ALLA RICERCA E ALL\u2019INCONTRO DI NUOVI TALENTI CONTINUA IL SUO VIAGGIO NELLE REGIONI ITALIANE IL 1\u00b0 AGOSTO FA TAPPA IN SICILIA ALLO Z\u014c CENTRO CULTURE CONTEMPORANEE DI CATANIA LE SEMIFINALI NAZIONALI SI TERRANNO IL 3 - 4 E 5 SETTEMBRE AD ISERNIA IN MOLISE - Agimp\",\"isPartOf\":{\"@id\":\"https:\/\/agimp.it\/#website\"},\"datePublished\":\"2025-07-31T10:45:01+00:00\",\"dateModified\":\"2025-07-31T10:45:01+00:00\",\"breadcrumb\":{\"@id\":\"https:\/\/agimp.it\/index.php\/2025\/07\/31\/il-tour-nazionale-del-prestigioso-premio-de-andre-e-ti-piace-lasciarti-ascoltare-dedicato-alla-ricerca-e-allincontro-di-nuovi-talenti-continua-il-suo-viaggio-nelle-regioni-italiane-il-1\/#breadcrumb\"},\"inLanguage\":\"it-IT\",\"potentialAction\":[{\"@type\":\"ReadAction\",\"target\":[\"https:\/\/agimp.it\/index.php\/2025\/07\/31\/il-tour-nazionale-del-prestigioso-premio-de-andre-e-ti-piace-lasciarti-ascoltare-dedicato-alla-ricerca-e-allincontro-di-nuovi-talenti-continua-il-suo-viaggio-nelle-regioni-italiane-il-1\/\"]}]},{\"@type\":\"BreadcrumbList\",\"@id\":\"https:\/\/agimp.it\/index.php\/2025\/07\/31\/il-tour-nazionale-del-prestigioso-premio-de-andre-e-ti-piace-lasciarti-ascoltare-dedicato-alla-ricerca-e-allincontro-di-nuovi-talenti-continua-il-suo-viaggio-nelle-regioni-italiane-il-1\/#breadcrumb\",\"itemListElement\":[{\"@type\":\"ListItem\",\"position\":1,\"name\":\"Home\",\"item\":\"https:\/\/agimp.it\/\"},{\"@type\":\"ListItem\",\"position\":2,\"name\":\"IL TOUR NAZIONALE DEL PRESTIGIOSO PREMIO DE ANDR\u00c9 &#8211; E TI PIACE LASCIARTI ASCOLTARE DEDICATO ALLA RICERCA E ALL\u2019INCONTRO DI NUOVI TALENTI CONTINUA IL SUO VIAGGIO NELLE REGIONI ITALIANE IL 1\u00b0 AGOSTO FA TAPPA IN SICILIA ALLO Z\u014c CENTRO CULTURE CONTEMPORANEE DI CATANIA LE SEMIFINALI NAZIONALI SI TERRANNO IL 3 &#8211; 4 E 5 SETTEMBRE AD ISERNIA IN MOLISE\"}]},{\"@type\":\"WebSite\",\"@id\":\"https:\/\/agimp.it\/#website\",\"url\":\"https:\/\/agimp.it\/\",\"name\":\"Agimp\",\"description\":\"Sito ufficiale dell&#039;Associazione Giornalisti e critici Italiani di Musica Popolare contemporanea\",\"publisher\":{\"@id\":\"https:\/\/agimp.it\/#organization\"},\"potentialAction\":[{\"@type\":\"SearchAction\",\"target\":{\"@type\":\"EntryPoint\",\"urlTemplate\":\"https:\/\/agimp.it\/?s={search_term_string}\"},\"query-input\":\"required name=search_term_string\"}],\"inLanguage\":\"it-IT\"},{\"@type\":\"Organization\",\"@id\":\"https:\/\/agimp.it\/#organization\",\"name\":\"Agimp\",\"url\":\"https:\/\/agimp.it\/\",\"logo\":{\"@type\":\"ImageObject\",\"inLanguage\":\"it-IT\",\"@id\":\"https:\/\/agimp.it\/#\/schema\/logo\/image\/\",\"url\":\"https:\/\/agimp.it\/wp-content\/uploads\/2022\/03\/cropped-banner-sito.jpg\",\"contentUrl\":\"https:\/\/agimp.it\/wp-content\/uploads\/2022\/03\/cropped-banner-sito.jpg\",\"width\":1000,\"height\":327,\"caption\":\"Agimp\"},\"image\":{\"@id\":\"https:\/\/agimp.it\/#\/schema\/logo\/image\/\"}},{\"@type\":\"Person\",\"@id\":\"https:\/\/agimp.it\/#\/schema\/person\/b3aa65cde3e25cb99b2bf84900bcb215\",\"name\":\"Agimp\",\"image\":{\"@type\":\"ImageObject\",\"inLanguage\":\"it-IT\",\"@id\":\"https:\/\/agimp.it\/#\/schema\/person\/image\/\",\"url\":\"https:\/\/secure.gravatar.com\/avatar\/46b79ab6e61709b4f7376434b6cb7c91c80597ced7305408046ea8a17dc34fc2?s=96&d=mm&r=g\",\"contentUrl\":\"https:\/\/secure.gravatar.com\/avatar\/46b79ab6e61709b4f7376434b6cb7c91c80597ced7305408046ea8a17dc34fc2?s=96&d=mm&r=g\",\"caption\":\"Agimp\"},\"sameAs\":[\"http:\/\/www.agimp.it\"],\"url\":\"https:\/\/agimp.it\/index.php\/author\/agimp\/\"}]}<\/script>\n<!-- \/ Yoast SEO plugin. -->","yoast_head_json":{"title":"IL TOUR NAZIONALE DEL PRESTIGIOSO PREMIO DE ANDR\u00c9 - E TI PIACE LASCIARTI ASCOLTARE DEDICATO ALLA RICERCA E ALL\u2019INCONTRO DI NUOVI TALENTI CONTINUA IL SUO VIAGGIO NELLE REGIONI ITALIANE IL 1\u00b0 AGOSTO FA TAPPA IN SICILIA ALLO Z\u014c CENTRO CULTURE CONTEMPORANEE DI CATANIA LE SEMIFINALI NAZIONALI SI TERRANNO IL 3 - 4 E 5 SETTEMBRE AD ISERNIA IN MOLISE - Agimp","robots":{"index":"index","follow":"follow","max-snippet":"max-snippet:-1","max-image-preview":"max-image-preview:large","max-video-preview":"max-video-preview:-1"},"canonical":"https:\/\/agimp.it\/index.php\/2025\/07\/31\/il-tour-nazionale-del-prestigioso-premio-de-andre-e-ti-piace-lasciarti-ascoltare-dedicato-alla-ricerca-e-allincontro-di-nuovi-talenti-continua-il-suo-viaggio-nelle-regioni-italiane-il-1\/","og_locale":"it_IT","og_type":"article","og_title":"IL TOUR NAZIONALE DEL PRESTIGIOSO PREMIO DE ANDR\u00c9 - E TI PIACE LASCIARTI ASCOLTARE DEDICATO ALLA RICERCA E ALL\u2019INCONTRO DI NUOVI TALENTI CONTINUA IL SUO VIAGGIO NELLE REGIONI ITALIANE IL 1\u00b0 AGOSTO FA TAPPA IN SICILIA ALLO Z\u014c CENTRO CULTURE CONTEMPORANEE DI CATANIA LE SEMIFINALI NAZIONALI SI TERRANNO IL 3 - 4 E 5 SETTEMBRE AD ISERNIA IN MOLISE - Agimp","og_description":"Prosegue con successo il tour nazionale del prestigioso Premio Fabrizio De Andr\u00e9 con il progetto-format \u201cE ti piace lasciarti ascoltare\u201d,&hellip;","og_url":"https:\/\/agimp.it\/index.php\/2025\/07\/31\/il-tour-nazionale-del-prestigioso-premio-de-andre-e-ti-piace-lasciarti-ascoltare-dedicato-alla-ricerca-e-allincontro-di-nuovi-talenti-continua-il-suo-viaggio-nelle-regioni-italiane-il-1\/","og_site_name":"Agimp","article_published_time":"2025-07-31T10:45:01+00:00","og_image":[{"width":1010,"height":686,"url":"https:\/\/agimp.it\/wp-content\/uploads\/2025\/06\/Schermata-2025-06-13-alle-11.59.52.png","type":"image\/png"}],"author":"Agimp","twitter_card":"summary_large_image","twitter_misc":{"Scritto da":"Agimp","Tempo di lettura stimato":"4 minuti"},"schema":{"@context":"https:\/\/schema.org","@graph":[{"@type":"Article","@id":"https:\/\/agimp.it\/index.php\/2025\/07\/31\/il-tour-nazionale-del-prestigioso-premio-de-andre-e-ti-piace-lasciarti-ascoltare-dedicato-alla-ricerca-e-allincontro-di-nuovi-talenti-continua-il-suo-viaggio-nelle-regioni-italiane-il-1\/#article","isPartOf":{"@id":"https:\/\/agimp.it\/index.php\/2025\/07\/31\/il-tour-nazionale-del-prestigioso-premio-de-andre-e-ti-piace-lasciarti-ascoltare-dedicato-alla-ricerca-e-allincontro-di-nuovi-talenti-continua-il-suo-viaggio-nelle-regioni-italiane-il-1\/"},"author":{"name":"Agimp","@id":"https:\/\/agimp.it\/#\/schema\/person\/b3aa65cde3e25cb99b2bf84900bcb215"},"headline":"IL TOUR NAZIONALE DEL PRESTIGIOSO PREMIO DE ANDR\u00c9 &#8211; E TI PIACE LASCIARTI ASCOLTARE DEDICATO ALLA RICERCA E ALL\u2019INCONTRO DI NUOVI TALENTI CONTINUA IL SUO VIAGGIO NELLE REGIONI ITALIANE IL 1\u00b0 AGOSTO FA TAPPA IN SICILIA ALLO Z\u014c CENTRO CULTURE CONTEMPORANEE DI CATANIA LE SEMIFINALI NAZIONALI SI TERRANNO IL 3 &#8211; 4 E 5 SETTEMBRE AD ISERNIA IN MOLISE","datePublished":"2025-07-31T10:45:01+00:00","dateModified":"2025-07-31T10:45:01+00:00","mainEntityOfPage":{"@id":"https:\/\/agimp.it\/index.php\/2025\/07\/31\/il-tour-nazionale-del-prestigioso-premio-de-andre-e-ti-piace-lasciarti-ascoltare-dedicato-alla-ricerca-e-allincontro-di-nuovi-talenti-continua-il-suo-viaggio-nelle-regioni-italiane-il-1\/"},"wordCount":605,"commentCount":0,"publisher":{"@id":"https:\/\/agimp.it\/#organization"},"articleSection":["AGIMP","Eventi","News"],"inLanguage":"it-IT","potentialAction":[{"@type":"CommentAction","name":"Comment","target":["https:\/\/agimp.it\/index.php\/2025\/07\/31\/il-tour-nazionale-del-prestigioso-premio-de-andre-e-ti-piace-lasciarti-ascoltare-dedicato-alla-ricerca-e-allincontro-di-nuovi-talenti-continua-il-suo-viaggio-nelle-regioni-italiane-il-1\/#respond"]}]},{"@type":"WebPage","@id":"https:\/\/agimp.it\/index.php\/2025\/07\/31\/il-tour-nazionale-del-prestigioso-premio-de-andre-e-ti-piace-lasciarti-ascoltare-dedicato-alla-ricerca-e-allincontro-di-nuovi-talenti-continua-il-suo-viaggio-nelle-regioni-italiane-il-1\/","url":"https:\/\/agimp.it\/index.php\/2025\/07\/31\/il-tour-nazionale-del-prestigioso-premio-de-andre-e-ti-piace-lasciarti-ascoltare-dedicato-alla-ricerca-e-allincontro-di-nuovi-talenti-continua-il-suo-viaggio-nelle-regioni-italiane-il-1\/","name":"IL TOUR NAZIONALE DEL PRESTIGIOSO PREMIO DE ANDR\u00c9 - E TI PIACE LASCIARTI ASCOLTARE DEDICATO ALLA RICERCA E ALL\u2019INCONTRO DI NUOVI TALENTI CONTINUA IL SUO VIAGGIO NELLE REGIONI ITALIANE IL 1\u00b0 AGOSTO FA TAPPA IN SICILIA ALLO Z\u014c CENTRO CULTURE CONTEMPORANEE DI CATANIA LE SEMIFINALI NAZIONALI SI TERRANNO IL 3 - 4 E 5 SETTEMBRE AD ISERNIA IN MOLISE - Agimp","isPartOf":{"@id":"https:\/\/agimp.it\/#website"},"datePublished":"2025-07-31T10:45:01+00:00","dateModified":"2025-07-31T10:45:01+00:00","breadcrumb":{"@id":"https:\/\/agimp.it\/index.php\/2025\/07\/31\/il-tour-nazionale-del-prestigioso-premio-de-andre-e-ti-piace-lasciarti-ascoltare-dedicato-alla-ricerca-e-allincontro-di-nuovi-talenti-continua-il-suo-viaggio-nelle-regioni-italiane-il-1\/#breadcrumb"},"inLanguage":"it-IT","potentialAction":[{"@type":"ReadAction","target":["https:\/\/agimp.it\/index.php\/2025\/07\/31\/il-tour-nazionale-del-prestigioso-premio-de-andre-e-ti-piace-lasciarti-ascoltare-dedicato-alla-ricerca-e-allincontro-di-nuovi-talenti-continua-il-suo-viaggio-nelle-regioni-italiane-il-1\/"]}]},{"@type":"BreadcrumbList","@id":"https:\/\/agimp.it\/index.php\/2025\/07\/31\/il-tour-nazionale-del-prestigioso-premio-de-andre-e-ti-piace-lasciarti-ascoltare-dedicato-alla-ricerca-e-allincontro-di-nuovi-talenti-continua-il-suo-viaggio-nelle-regioni-italiane-il-1\/#breadcrumb","itemListElement":[{"@type":"ListItem","position":1,"name":"Home","item":"https:\/\/agimp.it\/"},{"@type":"ListItem","position":2,"name":"IL TOUR NAZIONALE DEL PRESTIGIOSO PREMIO DE ANDR\u00c9 &#8211; E TI PIACE LASCIARTI ASCOLTARE DEDICATO ALLA RICERCA E ALL\u2019INCONTRO DI NUOVI TALENTI CONTINUA IL SUO VIAGGIO NELLE REGIONI ITALIANE IL 1\u00b0 AGOSTO FA TAPPA IN SICILIA ALLO Z\u014c CENTRO CULTURE CONTEMPORANEE DI CATANIA LE SEMIFINALI NAZIONALI SI TERRANNO IL 3 &#8211; 4 E 5 SETTEMBRE AD ISERNIA IN MOLISE"}]},{"@type":"WebSite","@id":"https:\/\/agimp.it\/#website","url":"https:\/\/agimp.it\/","name":"Agimp","description":"Sito ufficiale dell&#039;Associazione Giornalisti e critici Italiani di Musica Popolare contemporanea","publisher":{"@id":"https:\/\/agimp.it\/#organization"},"potentialAction":[{"@type":"SearchAction","target":{"@type":"EntryPoint","urlTemplate":"https:\/\/agimp.it\/?s={search_term_string}"},"query-input":"required name=search_term_string"}],"inLanguage":"it-IT"},{"@type":"Organization","@id":"https:\/\/agimp.it\/#organization","name":"Agimp","url":"https:\/\/agimp.it\/","logo":{"@type":"ImageObject","inLanguage":"it-IT","@id":"https:\/\/agimp.it\/#\/schema\/logo\/image\/","url":"https:\/\/agimp.it\/wp-content\/uploads\/2022\/03\/cropped-banner-sito.jpg","contentUrl":"https:\/\/agimp.it\/wp-content\/uploads\/2022\/03\/cropped-banner-sito.jpg","width":1000,"height":327,"caption":"Agimp"},"image":{"@id":"https:\/\/agimp.it\/#\/schema\/logo\/image\/"}},{"@type":"Person","@id":"https:\/\/agimp.it\/#\/schema\/person\/b3aa65cde3e25cb99b2bf84900bcb215","name":"Agimp","image":{"@type":"ImageObject","inLanguage":"it-IT","@id":"https:\/\/agimp.it\/#\/schema\/person\/image\/","url":"https:\/\/secure.gravatar.com\/avatar\/46b79ab6e61709b4f7376434b6cb7c91c80597ced7305408046ea8a17dc34fc2?s=96&d=mm&r=g","contentUrl":"https:\/\/secure.gravatar.com\/avatar\/46b79ab6e61709b4f7376434b6cb7c91c80597ced7305408046ea8a17dc34fc2?s=96&d=mm&r=g","caption":"Agimp"},"sameAs":["http:\/\/www.agimp.it"],"url":"https:\/\/agimp.it\/index.php\/author\/agimp\/"}]}},"_links":{"self":[{"href":"https:\/\/agimp.it\/index.php\/wp-json\/wp\/v2\/posts\/715","targetHints":{"allow":["GET"]}}],"collection":[{"href":"https:\/\/agimp.it\/index.php\/wp-json\/wp\/v2\/posts"}],"about":[{"href":"https:\/\/agimp.it\/index.php\/wp-json\/wp\/v2\/types\/post"}],"author":[{"embeddable":true,"href":"https:\/\/agimp.it\/index.php\/wp-json\/wp\/v2\/users\/4"}],"replies":[{"embeddable":true,"href":"https:\/\/agimp.it\/index.php\/wp-json\/wp\/v2\/comments?post=715"}],"version-history":[{"count":3,"href":"https:\/\/agimp.it\/index.php\/wp-json\/wp\/v2\/posts\/715\/revisions"}],"predecessor-version":[{"id":718,"href":"https:\/\/agimp.it\/index.php\/wp-json\/wp\/v2\/posts\/715\/revisions\/718"}],"wp:featuredmedia":[{"embeddable":true,"href":"https:\/\/agimp.it\/index.php\/wp-json\/wp\/v2\/media\/676"}],"wp:attachment":[{"href":"https:\/\/agimp.it\/index.php\/wp-json\/wp\/v2\/media?parent=715"}],"wp:term":[{"taxonomy":"category","embeddable":true,"href":"https:\/\/agimp.it\/index.php\/wp-json\/wp\/v2\/categories?post=715"},{"taxonomy":"post_tag","embeddable":true,"href":"https:\/\/agimp.it\/index.php\/wp-json\/wp\/v2\/tags?post=715"}],"curies":[{"name":"wp","href":"https:\/\/api.w.org\/{rel}","templated":true}]}}