{"id":693,"date":"2025-07-10T16:45:57","date_gmt":"2025-07-10T16:45:57","guid":{"rendered":"https:\/\/agimp.it\/?p=693"},"modified":"2025-07-10T16:45:57","modified_gmt":"2025-07-10T16:45:57","slug":"continua-il-tour-nazionale-del-prestigioso-premio-de-andre-e-ti-piace-lasciarti-ascoltare-la-prossima-tappa-in-toscana-l11-luglio-a-marina-di-massa","status":"publish","type":"post","link":"https:\/\/agimp.it\/index.php\/2025\/07\/10\/continua-il-tour-nazionale-del-prestigioso-premio-de-andre-e-ti-piace-lasciarti-ascoltare-la-prossima-tappa-in-toscana-l11-luglio-a-marina-di-massa\/","title":{"rendered":"CONTINUA  IL TOUR NAZIONALE DEL PRESTIGIOSO PREMIO DE ANDRE\u2019 &#8211; E TI PIACE LASCIARTI ASCOLTARE. LA PROSSIMA TAPPA IN TOSCANA L\u201911 LUGLIO A MARINA DI MASSA"},"content":{"rendered":"<p>Dopo i primi appuntamenti in Calabria e nel Lazio prosegue il tour nazionale del prestigioso <em><strong>Premio Fabrizio De Andr\u00e9<\/strong><\/em> con il progetto-format \u201c<em><strong>E ti piace lasciarti ascoltare<\/strong><\/em>\u201d, dedicato alla ricerca e all\u2019incontro di nuovi talenti.<br \/>\nPromotori e produttori culturali partner del Premio, operanti in Centri Culturali di Produzione e Formazione, Teatri e Live Club, Festival e Rassegne Musicali organizzano concerti nelle diverse regioni italiane per incontrare e ascoltare talenti del territorio.<br \/>\nLa prossima tappa si terr\u00e0 in <strong>Toscana<\/strong>, l\u2019<strong>11 luglio a Marina di Massa<\/strong> al <strong>Festival delle Alpi Apuane<\/strong> (Promotore referente \u00e8 Alessandro di Dio Masa di Musicanti e Records Carrara) e vedr\u00e0 in Commissione, <strong>Luisa Melis,<\/strong> <strong>Massimo Poggini,<\/strong> <strong>Claudio Gabelloni<\/strong> e <strong>Teresa Mariano<\/strong>.<br \/>\nConsiderando che ogni anno gli iscritti al Premio De Andr\u00e9 superano il migliaio, resta evidente quanta \u201c<strong>richiesta di ascolto<\/strong>\u201d ci sia nei territori e tra le nuove generazioni, per le quali <em>Faber<\/em> resta riferimento e ispirazione indiscussa.<br \/>\nIn questa seconda edizione del progetto, ogni promotore territoriale di riferimento, potr\u00e0 selezionare fino a 10 artisti, da sottoporre, attraverso un evento live aperto al pubblico, alla direzione artistica del Premio supportata da una Commissione Artistica di qualit\u00e0 composta da:<strong> Luisa Melis<\/strong> (Direttrice artistica del Premio), <strong>Mauro Ermanno Giovanardi<\/strong>, <strong>Cristina Don\u00e0<\/strong>, <strong>Pino Marino<\/strong>, <strong>Ginevra Di Marco<\/strong>, <strong>Teresa De Sio<\/strong> (cantautori), <strong>Massimo Poggini,<\/strong> <strong>Marinella Venegoni<\/strong>, <strong>Paola Gallo<\/strong>, <strong>Pietro D\u2019Ottavio<\/strong> (giornalisti e critici musicali), <strong>Luca Zannotti<\/strong>, <strong>Alessandro Ceccarelli<\/strong>, <strong>Franco Zanetti<\/strong> (manager e produttori culturali), <strong>Teresa Mariano<\/strong> (ideatrice per <strong>Borghi Artistici<\/strong> di \u201c<em><strong>E ti piace lasciarti ascoltare<\/strong><\/em>\u201d).<br \/>\nNel rispetto degli Artisti e della <em>Mission<\/em> del Premio, non si emetteranno giudizi o voti di classificazione.<br \/>\nIl Premio si propone di ascoltare giovani talenti, incontrandoli nei veri vivai della buona musica italiana, in luoghi e territori da sostenere e promuovere nel migliore dei modi, specialmente in un periodo storico-culturale cos\u00ec difficile e particolare per il nostro Paese.<br \/>\nPer approfondire l\u2019esperienza di incontro e conoscenza con il Premio e i professionisti membri della commissione, il progetto prevede la realizzazione di <strong>\u201cun\u2019Aula Aperta<\/strong>\u201d, un incontro-dibattito funzionale a poter rispondere ad eventuali domande da parte degli artisti e a fornire informazioni utili allo sviluppo del loro percorso artistico.<br \/>\nOgni Artista potr\u00e0 eseguire due brani di propria composizione, senza nessun costo di iscrizione.<br \/>\nSi andr\u00e0 dalla canzone d\u2019autore classica, al rap, al rock, al jazz. Il Premio come sempre prescinde dal genere musicale proposto. <strong>Unica richiesta: Originalit\u00e0.<\/strong><br \/>\nDa ogni tappa live, verr\u00e0 selezionato un solo artista che acceder\u00e0 direttamente alle <strong>Semifinali Nazionali del Premio Fabrizio De Andr\u00e9 2025<\/strong>, senza dover seguire l\u2019iter consueto di iscrizione al <em>contest<\/em> annuale del Premio.<br \/>\n<strong>Le Semifinali Nazionali<\/strong> si terranno il 3 &#8211; 4 e 5 Settembre nuovamente ad Isernia in Molise.<\/p>\n<p>A luglio il tour prosegue con i seguenti appuntamenti:<\/p>\n<p><strong>MOLISE &#8211; 20 LUGLIO a TERMOLI<\/strong> (CB) in Piazza Vittorio Veneto<br \/>\nPromotore referente GIANDOMENICO SALE \u2013 Frentania Teatri<br \/>\nSpecial Guest &#8211; TERESA DE SIO<br \/>\nCommissione &#8211; Luisa Melis &#8211; Teresa De Sio &#8211; Pino Marino &#8211; Massimo Poggini<br \/>\nTeresa Mariano \u2013 Luca De Martino \u2013 Giandomenico Sale<\/p>\n<p><strong>ABRUZZO &#8211; 22 LUGLIO a Caramanico Terme<\/strong> (PE) \u2013 Ex Convento delle Clarisse Artista e Promotore referente ANGELO VALORI &#8211; Centro Adriatico Produzione Musica<br \/>\nPartner &#8211; Comune di Caramanico Terme<br \/>\nCommissione &#8211; Luisa Melis \u2013 Pino Marino &#8211; Angelo Valori &#8211;<br \/>\nPaolo Talanca &#8211; Teresa Mariano<\/p>\n<p><strong>LIGURIA &#8211; 24 LUGLIO a QUILIANO<\/strong> (SV) &#8211; P.ZZA Gramsci<br \/>\nPromotore referente ROBERTO GROSSI ( Direttore Artistico &#8211; Premio Nazionale per la Canzone d&#8217;Autore Emergente)<br \/>\nCommissione Luisa Melis &#8211; Marinella Venegoni &#8211; Mauro Ermanno Giovanardi &#8211; Teresa Mariano<\/p>\n<p><strong>BASILICATA &#8211; 28 LUGLIO a LAURIA<\/strong> (PZ) &#8211; P.zza Del Popolo<br \/>\nPromotore referente MANUEL TATARANNO &#8211; Partner ARCI BASILICATA \u2013 Comune di Lauria<br \/>\nCommissione Luisa Melis -Teresa De Sio &#8211; Massimo Poggini &#8211; Manuel Tataranno &#8211; Teresa Mariano<\/p>\n<p><strong>PUGLIA &#8211; 30 LUGLIO &#8211; ODV &#8220;Celacanto bene comune&#8221; a Marina Serra di Tricase<\/strong> (LE)<br \/>\nPromotore referente GEREMIA DE GIUSEPPE &#8211; Partner Ass. Coppula Tisa<br \/>\nCommissione \u2013 Luisa Melis \u2013 Dario Salvatori \u2013 Teresa Mariano \u2013 Geremia De Giuseppe<\/p>\n<p>Nel mese di agosto le ultime due date in Sicilia e in Emilia Romagna:<\/p>\n<p><strong>SICILIA &#8211; 1\u00b0 AGOSTO a Catania allo Z\u014d CENTRO CULTURE CONTEMPORANEE<\/strong><br \/>\nPromotore referente SERGIO ZINNA \u2013 Founder\/Direttore Artistico Zo Centro Culture Contemporanee (CT)<br \/>\nCommissione \u2013 Luisa Melis \u2013 Teresa Mariano \u2013 Sergio Zinna<\/p>\n<p><strong>EMILIA ROMAGNA &#8211; 4 AGOSTO a Bagnacavallo<\/strong> (RA) &#8211; Chiostro dell\u2019ex Convento di San Francesco &#8211; \u201cBagnacavallo d\u2019estate\u201d<br \/>\nPromotore referente &#8211; LUIGI BERTACCINI \u2013<br \/>\nCommissione \u2013 Luisa Melis \u2013 Alessandro Ceccarelli \u2013 Mauro Ermanno Giovanardi \u2013 Teresa Mariano<\/p>\n<p>&#8211; <strong>Direzione Artistica \u2013 Luisa Melis<\/strong><br \/>\n<a href=\"https:\/\/www.premiofabriziodeandre.it\/\"><strong>https:\/\/www.premiofabriziodeandre.it\/<\/strong><\/a><br \/>\n&#8211; <strong>Collegio artistico base<\/strong> :<br \/>\nMauro Ermanno Giovanardi \u2013 Teresa Mariano \u2013 Massimo Poggini \u2013 Pino Marino<br \/>\n&#8211;<strong> Progettazione &amp; Produzione \u2013 Borghi Artistici I.S. Srl.<\/strong><br \/>\n<a href=\"https:\/\/www.borghiartistici.com\/it\/\"><strong>https:\/\/www.borghiartistici.com\/it\/<\/strong><\/a><\/p>\n<p>Patrocini :<br \/>\n&#8211; <strong>FONDAZIONE FABRIZIO DE ANDRE\u2019 Onlus<\/strong><br \/>\n<a href=\"http:\/\/www.fabriziodeandre.it\/tributi\/premio-de-andre\/\"><strong>http:\/\/www.fabriziodeandre.it\/tributi\/premio-de-andre\/<\/strong><\/a><br \/>\n&#8211; <strong>ASSOMUSICA<\/strong><br \/>\n<a href=\"https:\/\/assomusica.org\/it\/homepage.html\"><strong>https:\/\/assomusica.org\/it\/homepage.html<\/strong><\/a><br \/>\n&#8211; <strong>NUOVO IMAIE<\/strong><br \/>\n<a href=\"https:\/\/www.nuovoimaie.it\/\"><strong>https:\/\/www.nuovoimaie.it\/<\/strong><\/a><br \/>\n&#8211;<strong> AGIMP<\/strong><br \/>\n<a href=\"https:\/\/agimp.it\/\"><strong>https:\/\/agimp.it\/<\/strong><\/a><\/p>\n<p>Partner:<br \/>\n&#8211;<strong> ICOMPANY<\/strong> &#8211; <a href=\"https:\/\/www.icompany.it\/\"><strong>https:\/\/www.icompany.it\/<\/strong><\/a><br \/>\n&#8211; <strong>ROCKOL<\/strong> &#8211; <a href=\"https:\/\/www.rockol.it\/\"><strong>https:\/\/www.rockol.it\/<\/strong><\/a><\/p>\n<p><strong>Media Relations:<\/strong> <a href=\"mailto:angelicimedia@gmail.com\"><strong>angelicimedia@gmail.com<\/strong><\/a><br \/>\n<strong>Lucia Angelici:<\/strong> +39.348.2302556<\/p>\n<p><img loading=\"lazy\" decoding=\"async\" class=\"aligncenter size-full wp-image-673\" src=\"https:\/\/agimp.it\/wp-content\/uploads\/2025\/06\/Schermata-2025-06-13-alle-11.45.03.png\" alt=\"\" width=\"1886\" height=\"330\" \/><\/p>\n","protected":false},"excerpt":{"rendered":"<p>Dopo i primi appuntamenti in Calabria e nel Lazio prosegue il tour nazionale del prestigioso Premio Fabrizio De Andr\u00e9 con&hellip;<\/p>\n","protected":false},"author":4,"featured_media":676,"comment_status":"open","ping_status":"open","sticky":false,"template":"","format":"standard","meta":{"footnotes":""},"categories":[16,15,14],"tags":[],"class_list":["post-693","post","type-post","status-publish","format-standard","has-post-thumbnail","hentry","category-agimp","category-eventi","category-news"],"yoast_head":"<!-- This site is optimized with the Yoast SEO plugin v20.4 - https:\/\/yoast.com\/wordpress\/plugins\/seo\/ -->\n<title>CONTINUA IL TOUR NAZIONALE DEL PRESTIGIOSO PREMIO DE ANDRE\u2019 - E TI PIACE LASCIARTI ASCOLTARE. LA PROSSIMA TAPPA IN TOSCANA L\u201911 LUGLIO A MARINA DI MASSA - Agimp<\/title>\n<meta name=\"robots\" content=\"index, follow, max-snippet:-1, max-image-preview:large, max-video-preview:-1\" \/>\n<link rel=\"canonical\" href=\"https:\/\/agimp.it\/index.php\/2025\/07\/10\/continua-il-tour-nazionale-del-prestigioso-premio-de-andre-e-ti-piace-lasciarti-ascoltare-la-prossima-tappa-in-toscana-l11-luglio-a-marina-di-massa\/\" \/>\n<meta property=\"og:locale\" content=\"it_IT\" \/>\n<meta property=\"og:type\" content=\"article\" \/>\n<meta property=\"og:title\" content=\"CONTINUA IL TOUR NAZIONALE DEL PRESTIGIOSO PREMIO DE ANDRE\u2019 - E TI PIACE LASCIARTI ASCOLTARE. LA PROSSIMA TAPPA IN TOSCANA L\u201911 LUGLIO A MARINA DI MASSA - Agimp\" \/>\n<meta property=\"og:description\" content=\"Dopo i primi appuntamenti in Calabria e nel Lazio prosegue il tour nazionale del prestigioso Premio Fabrizio De Andr\u00e9 con&hellip;\" \/>\n<meta property=\"og:url\" content=\"https:\/\/agimp.it\/index.php\/2025\/07\/10\/continua-il-tour-nazionale-del-prestigioso-premio-de-andre-e-ti-piace-lasciarti-ascoltare-la-prossima-tappa-in-toscana-l11-luglio-a-marina-di-massa\/\" \/>\n<meta property=\"og:site_name\" content=\"Agimp\" \/>\n<meta property=\"article:published_time\" content=\"2025-07-10T16:45:57+00:00\" \/>\n<meta property=\"og:image\" content=\"https:\/\/agimp.it\/wp-content\/uploads\/2025\/06\/Schermata-2025-06-13-alle-11.59.52.png\" \/>\n\t<meta property=\"og:image:width\" content=\"1010\" \/>\n\t<meta property=\"og:image:height\" content=\"686\" \/>\n\t<meta property=\"og:image:type\" content=\"image\/png\" \/>\n<meta name=\"author\" content=\"Agimp\" \/>\n<meta name=\"twitter:card\" content=\"summary_large_image\" \/>\n<meta name=\"twitter:label1\" content=\"Scritto da\" \/>\n\t<meta name=\"twitter:data1\" content=\"Agimp\" \/>\n\t<meta name=\"twitter:label2\" content=\"Tempo di lettura stimato\" \/>\n\t<meta name=\"twitter:data2\" content=\"5 minuti\" \/>\n<script type=\"application\/ld+json\" class=\"yoast-schema-graph\">{\"@context\":\"https:\/\/schema.org\",\"@graph\":[{\"@type\":\"Article\",\"@id\":\"https:\/\/agimp.it\/index.php\/2025\/07\/10\/continua-il-tour-nazionale-del-prestigioso-premio-de-andre-e-ti-piace-lasciarti-ascoltare-la-prossima-tappa-in-toscana-l11-luglio-a-marina-di-massa\/#article\",\"isPartOf\":{\"@id\":\"https:\/\/agimp.it\/index.php\/2025\/07\/10\/continua-il-tour-nazionale-del-prestigioso-premio-de-andre-e-ti-piace-lasciarti-ascoltare-la-prossima-tappa-in-toscana-l11-luglio-a-marina-di-massa\/\"},\"author\":{\"name\":\"Agimp\",\"@id\":\"https:\/\/agimp.it\/#\/schema\/person\/b3aa65cde3e25cb99b2bf84900bcb215\"},\"headline\":\"CONTINUA IL TOUR NAZIONALE DEL PRESTIGIOSO PREMIO DE ANDRE\u2019 &#8211; E TI PIACE LASCIARTI ASCOLTARE. LA PROSSIMA TAPPA IN TOSCANA L\u201911 LUGLIO A MARINA DI MASSA\",\"datePublished\":\"2025-07-10T16:45:57+00:00\",\"dateModified\":\"2025-07-10T16:45:57+00:00\",\"mainEntityOfPage\":{\"@id\":\"https:\/\/agimp.it\/index.php\/2025\/07\/10\/continua-il-tour-nazionale-del-prestigioso-premio-de-andre-e-ti-piace-lasciarti-ascoltare-la-prossima-tappa-in-toscana-l11-luglio-a-marina-di-massa\/\"},\"wordCount\":836,\"commentCount\":0,\"publisher\":{\"@id\":\"https:\/\/agimp.it\/#organization\"},\"articleSection\":[\"AGIMP\",\"Eventi\",\"News\"],\"inLanguage\":\"it-IT\",\"potentialAction\":[{\"@type\":\"CommentAction\",\"name\":\"Comment\",\"target\":[\"https:\/\/agimp.it\/index.php\/2025\/07\/10\/continua-il-tour-nazionale-del-prestigioso-premio-de-andre-e-ti-piace-lasciarti-ascoltare-la-prossima-tappa-in-toscana-l11-luglio-a-marina-di-massa\/#respond\"]}]},{\"@type\":\"WebPage\",\"@id\":\"https:\/\/agimp.it\/index.php\/2025\/07\/10\/continua-il-tour-nazionale-del-prestigioso-premio-de-andre-e-ti-piace-lasciarti-ascoltare-la-prossima-tappa-in-toscana-l11-luglio-a-marina-di-massa\/\",\"url\":\"https:\/\/agimp.it\/index.php\/2025\/07\/10\/continua-il-tour-nazionale-del-prestigioso-premio-de-andre-e-ti-piace-lasciarti-ascoltare-la-prossima-tappa-in-toscana-l11-luglio-a-marina-di-massa\/\",\"name\":\"CONTINUA IL TOUR NAZIONALE DEL PRESTIGIOSO PREMIO DE ANDRE\u2019 - E TI PIACE LASCIARTI ASCOLTARE. LA PROSSIMA TAPPA IN TOSCANA L\u201911 LUGLIO A MARINA DI MASSA - Agimp\",\"isPartOf\":{\"@id\":\"https:\/\/agimp.it\/#website\"},\"datePublished\":\"2025-07-10T16:45:57+00:00\",\"dateModified\":\"2025-07-10T16:45:57+00:00\",\"breadcrumb\":{\"@id\":\"https:\/\/agimp.it\/index.php\/2025\/07\/10\/continua-il-tour-nazionale-del-prestigioso-premio-de-andre-e-ti-piace-lasciarti-ascoltare-la-prossima-tappa-in-toscana-l11-luglio-a-marina-di-massa\/#breadcrumb\"},\"inLanguage\":\"it-IT\",\"potentialAction\":[{\"@type\":\"ReadAction\",\"target\":[\"https:\/\/agimp.it\/index.php\/2025\/07\/10\/continua-il-tour-nazionale-del-prestigioso-premio-de-andre-e-ti-piace-lasciarti-ascoltare-la-prossima-tappa-in-toscana-l11-luglio-a-marina-di-massa\/\"]}]},{\"@type\":\"BreadcrumbList\",\"@id\":\"https:\/\/agimp.it\/index.php\/2025\/07\/10\/continua-il-tour-nazionale-del-prestigioso-premio-de-andre-e-ti-piace-lasciarti-ascoltare-la-prossima-tappa-in-toscana-l11-luglio-a-marina-di-massa\/#breadcrumb\",\"itemListElement\":[{\"@type\":\"ListItem\",\"position\":1,\"name\":\"Home\",\"item\":\"https:\/\/agimp.it\/\"},{\"@type\":\"ListItem\",\"position\":2,\"name\":\"CONTINUA IL TOUR NAZIONALE DEL PRESTIGIOSO PREMIO DE ANDRE\u2019 &#8211; E TI PIACE LASCIARTI ASCOLTARE. LA PROSSIMA TAPPA IN TOSCANA L\u201911 LUGLIO A MARINA DI MASSA\"}]},{\"@type\":\"WebSite\",\"@id\":\"https:\/\/agimp.it\/#website\",\"url\":\"https:\/\/agimp.it\/\",\"name\":\"Agimp\",\"description\":\"Sito ufficiale dell&#039;Associazione Giornalisti e critici Italiani di Musica Popolare contemporanea\",\"publisher\":{\"@id\":\"https:\/\/agimp.it\/#organization\"},\"potentialAction\":[{\"@type\":\"SearchAction\",\"target\":{\"@type\":\"EntryPoint\",\"urlTemplate\":\"https:\/\/agimp.it\/?s={search_term_string}\"},\"query-input\":\"required name=search_term_string\"}],\"inLanguage\":\"it-IT\"},{\"@type\":\"Organization\",\"@id\":\"https:\/\/agimp.it\/#organization\",\"name\":\"Agimp\",\"url\":\"https:\/\/agimp.it\/\",\"logo\":{\"@type\":\"ImageObject\",\"inLanguage\":\"it-IT\",\"@id\":\"https:\/\/agimp.it\/#\/schema\/logo\/image\/\",\"url\":\"https:\/\/agimp.it\/wp-content\/uploads\/2022\/03\/cropped-banner-sito.jpg\",\"contentUrl\":\"https:\/\/agimp.it\/wp-content\/uploads\/2022\/03\/cropped-banner-sito.jpg\",\"width\":1000,\"height\":327,\"caption\":\"Agimp\"},\"image\":{\"@id\":\"https:\/\/agimp.it\/#\/schema\/logo\/image\/\"}},{\"@type\":\"Person\",\"@id\":\"https:\/\/agimp.it\/#\/schema\/person\/b3aa65cde3e25cb99b2bf84900bcb215\",\"name\":\"Agimp\",\"image\":{\"@type\":\"ImageObject\",\"inLanguage\":\"it-IT\",\"@id\":\"https:\/\/agimp.it\/#\/schema\/person\/image\/\",\"url\":\"https:\/\/secure.gravatar.com\/avatar\/46b79ab6e61709b4f7376434b6cb7c91c80597ced7305408046ea8a17dc34fc2?s=96&d=mm&r=g\",\"contentUrl\":\"https:\/\/secure.gravatar.com\/avatar\/46b79ab6e61709b4f7376434b6cb7c91c80597ced7305408046ea8a17dc34fc2?s=96&d=mm&r=g\",\"caption\":\"Agimp\"},\"sameAs\":[\"http:\/\/www.agimp.it\"],\"url\":\"https:\/\/agimp.it\/index.php\/author\/agimp\/\"}]}<\/script>\n<!-- \/ Yoast SEO plugin. -->","yoast_head_json":{"title":"CONTINUA IL TOUR NAZIONALE DEL PRESTIGIOSO PREMIO DE ANDRE\u2019 - E TI PIACE LASCIARTI ASCOLTARE. LA PROSSIMA TAPPA IN TOSCANA L\u201911 LUGLIO A MARINA DI MASSA - Agimp","robots":{"index":"index","follow":"follow","max-snippet":"max-snippet:-1","max-image-preview":"max-image-preview:large","max-video-preview":"max-video-preview:-1"},"canonical":"https:\/\/agimp.it\/index.php\/2025\/07\/10\/continua-il-tour-nazionale-del-prestigioso-premio-de-andre-e-ti-piace-lasciarti-ascoltare-la-prossima-tappa-in-toscana-l11-luglio-a-marina-di-massa\/","og_locale":"it_IT","og_type":"article","og_title":"CONTINUA IL TOUR NAZIONALE DEL PRESTIGIOSO PREMIO DE ANDRE\u2019 - E TI PIACE LASCIARTI ASCOLTARE. LA PROSSIMA TAPPA IN TOSCANA L\u201911 LUGLIO A MARINA DI MASSA - Agimp","og_description":"Dopo i primi appuntamenti in Calabria e nel Lazio prosegue il tour nazionale del prestigioso Premio Fabrizio De Andr\u00e9 con&hellip;","og_url":"https:\/\/agimp.it\/index.php\/2025\/07\/10\/continua-il-tour-nazionale-del-prestigioso-premio-de-andre-e-ti-piace-lasciarti-ascoltare-la-prossima-tappa-in-toscana-l11-luglio-a-marina-di-massa\/","og_site_name":"Agimp","article_published_time":"2025-07-10T16:45:57+00:00","og_image":[{"width":1010,"height":686,"url":"https:\/\/agimp.it\/wp-content\/uploads\/2025\/06\/Schermata-2025-06-13-alle-11.59.52.png","type":"image\/png"}],"author":"Agimp","twitter_card":"summary_large_image","twitter_misc":{"Scritto da":"Agimp","Tempo di lettura stimato":"5 minuti"},"schema":{"@context":"https:\/\/schema.org","@graph":[{"@type":"Article","@id":"https:\/\/agimp.it\/index.php\/2025\/07\/10\/continua-il-tour-nazionale-del-prestigioso-premio-de-andre-e-ti-piace-lasciarti-ascoltare-la-prossima-tappa-in-toscana-l11-luglio-a-marina-di-massa\/#article","isPartOf":{"@id":"https:\/\/agimp.it\/index.php\/2025\/07\/10\/continua-il-tour-nazionale-del-prestigioso-premio-de-andre-e-ti-piace-lasciarti-ascoltare-la-prossima-tappa-in-toscana-l11-luglio-a-marina-di-massa\/"},"author":{"name":"Agimp","@id":"https:\/\/agimp.it\/#\/schema\/person\/b3aa65cde3e25cb99b2bf84900bcb215"},"headline":"CONTINUA IL TOUR NAZIONALE DEL PRESTIGIOSO PREMIO DE ANDRE\u2019 &#8211; E TI PIACE LASCIARTI ASCOLTARE. LA PROSSIMA TAPPA IN TOSCANA L\u201911 LUGLIO A MARINA DI MASSA","datePublished":"2025-07-10T16:45:57+00:00","dateModified":"2025-07-10T16:45:57+00:00","mainEntityOfPage":{"@id":"https:\/\/agimp.it\/index.php\/2025\/07\/10\/continua-il-tour-nazionale-del-prestigioso-premio-de-andre-e-ti-piace-lasciarti-ascoltare-la-prossima-tappa-in-toscana-l11-luglio-a-marina-di-massa\/"},"wordCount":836,"commentCount":0,"publisher":{"@id":"https:\/\/agimp.it\/#organization"},"articleSection":["AGIMP","Eventi","News"],"inLanguage":"it-IT","potentialAction":[{"@type":"CommentAction","name":"Comment","target":["https:\/\/agimp.it\/index.php\/2025\/07\/10\/continua-il-tour-nazionale-del-prestigioso-premio-de-andre-e-ti-piace-lasciarti-ascoltare-la-prossima-tappa-in-toscana-l11-luglio-a-marina-di-massa\/#respond"]}]},{"@type":"WebPage","@id":"https:\/\/agimp.it\/index.php\/2025\/07\/10\/continua-il-tour-nazionale-del-prestigioso-premio-de-andre-e-ti-piace-lasciarti-ascoltare-la-prossima-tappa-in-toscana-l11-luglio-a-marina-di-massa\/","url":"https:\/\/agimp.it\/index.php\/2025\/07\/10\/continua-il-tour-nazionale-del-prestigioso-premio-de-andre-e-ti-piace-lasciarti-ascoltare-la-prossima-tappa-in-toscana-l11-luglio-a-marina-di-massa\/","name":"CONTINUA IL TOUR NAZIONALE DEL PRESTIGIOSO PREMIO DE ANDRE\u2019 - E TI PIACE LASCIARTI ASCOLTARE. LA PROSSIMA TAPPA IN TOSCANA L\u201911 LUGLIO A MARINA DI MASSA - Agimp","isPartOf":{"@id":"https:\/\/agimp.it\/#website"},"datePublished":"2025-07-10T16:45:57+00:00","dateModified":"2025-07-10T16:45:57+00:00","breadcrumb":{"@id":"https:\/\/agimp.it\/index.php\/2025\/07\/10\/continua-il-tour-nazionale-del-prestigioso-premio-de-andre-e-ti-piace-lasciarti-ascoltare-la-prossima-tappa-in-toscana-l11-luglio-a-marina-di-massa\/#breadcrumb"},"inLanguage":"it-IT","potentialAction":[{"@type":"ReadAction","target":["https:\/\/agimp.it\/index.php\/2025\/07\/10\/continua-il-tour-nazionale-del-prestigioso-premio-de-andre-e-ti-piace-lasciarti-ascoltare-la-prossima-tappa-in-toscana-l11-luglio-a-marina-di-massa\/"]}]},{"@type":"BreadcrumbList","@id":"https:\/\/agimp.it\/index.php\/2025\/07\/10\/continua-il-tour-nazionale-del-prestigioso-premio-de-andre-e-ti-piace-lasciarti-ascoltare-la-prossima-tappa-in-toscana-l11-luglio-a-marina-di-massa\/#breadcrumb","itemListElement":[{"@type":"ListItem","position":1,"name":"Home","item":"https:\/\/agimp.it\/"},{"@type":"ListItem","position":2,"name":"CONTINUA IL TOUR NAZIONALE DEL PRESTIGIOSO PREMIO DE ANDRE\u2019 &#8211; E TI PIACE LASCIARTI ASCOLTARE. LA PROSSIMA TAPPA IN TOSCANA L\u201911 LUGLIO A MARINA DI MASSA"}]},{"@type":"WebSite","@id":"https:\/\/agimp.it\/#website","url":"https:\/\/agimp.it\/","name":"Agimp","description":"Sito ufficiale dell&#039;Associazione Giornalisti e critici Italiani di Musica Popolare contemporanea","publisher":{"@id":"https:\/\/agimp.it\/#organization"},"potentialAction":[{"@type":"SearchAction","target":{"@type":"EntryPoint","urlTemplate":"https:\/\/agimp.it\/?s={search_term_string}"},"query-input":"required name=search_term_string"}],"inLanguage":"it-IT"},{"@type":"Organization","@id":"https:\/\/agimp.it\/#organization","name":"Agimp","url":"https:\/\/agimp.it\/","logo":{"@type":"ImageObject","inLanguage":"it-IT","@id":"https:\/\/agimp.it\/#\/schema\/logo\/image\/","url":"https:\/\/agimp.it\/wp-content\/uploads\/2022\/03\/cropped-banner-sito.jpg","contentUrl":"https:\/\/agimp.it\/wp-content\/uploads\/2022\/03\/cropped-banner-sito.jpg","width":1000,"height":327,"caption":"Agimp"},"image":{"@id":"https:\/\/agimp.it\/#\/schema\/logo\/image\/"}},{"@type":"Person","@id":"https:\/\/agimp.it\/#\/schema\/person\/b3aa65cde3e25cb99b2bf84900bcb215","name":"Agimp","image":{"@type":"ImageObject","inLanguage":"it-IT","@id":"https:\/\/agimp.it\/#\/schema\/person\/image\/","url":"https:\/\/secure.gravatar.com\/avatar\/46b79ab6e61709b4f7376434b6cb7c91c80597ced7305408046ea8a17dc34fc2?s=96&d=mm&r=g","contentUrl":"https:\/\/secure.gravatar.com\/avatar\/46b79ab6e61709b4f7376434b6cb7c91c80597ced7305408046ea8a17dc34fc2?s=96&d=mm&r=g","caption":"Agimp"},"sameAs":["http:\/\/www.agimp.it"],"url":"https:\/\/agimp.it\/index.php\/author\/agimp\/"}]}},"_links":{"self":[{"href":"https:\/\/agimp.it\/index.php\/wp-json\/wp\/v2\/posts\/693","targetHints":{"allow":["GET"]}}],"collection":[{"href":"https:\/\/agimp.it\/index.php\/wp-json\/wp\/v2\/posts"}],"about":[{"href":"https:\/\/agimp.it\/index.php\/wp-json\/wp\/v2\/types\/post"}],"author":[{"embeddable":true,"href":"https:\/\/agimp.it\/index.php\/wp-json\/wp\/v2\/users\/4"}],"replies":[{"embeddable":true,"href":"https:\/\/agimp.it\/index.php\/wp-json\/wp\/v2\/comments?post=693"}],"version-history":[{"count":1,"href":"https:\/\/agimp.it\/index.php\/wp-json\/wp\/v2\/posts\/693\/revisions"}],"predecessor-version":[{"id":694,"href":"https:\/\/agimp.it\/index.php\/wp-json\/wp\/v2\/posts\/693\/revisions\/694"}],"wp:featuredmedia":[{"embeddable":true,"href":"https:\/\/agimp.it\/index.php\/wp-json\/wp\/v2\/media\/676"}],"wp:attachment":[{"href":"https:\/\/agimp.it\/index.php\/wp-json\/wp\/v2\/media?parent=693"}],"wp:term":[{"taxonomy":"category","embeddable":true,"href":"https:\/\/agimp.it\/index.php\/wp-json\/wp\/v2\/categories?post=693"},{"taxonomy":"post_tag","embeddable":true,"href":"https:\/\/agimp.it\/index.php\/wp-json\/wp\/v2\/tags?post=693"}],"curies":[{"name":"wp","href":"https:\/\/api.w.org\/{rel}","templated":true}]}}