{"id":679,"date":"2025-06-20T18:42:26","date_gmt":"2025-06-20T18:42:26","guid":{"rendered":"https:\/\/agimp.it\/?p=679"},"modified":"2025-06-20T18:42:26","modified_gmt":"2025-06-20T18:42:26","slug":"youth-hub-alta-formazione-tra-palco-e-realta","status":"publish","type":"post","link":"https:\/\/agimp.it\/index.php\/2025\/06\/20\/youth-hub-alta-formazione-tra-palco-e-realta\/","title":{"rendered":"&#8220;YOUTH HUB ALTA FORMAZIONE &#8211; TRA PALCO E REALT\u00c0\u201d"},"content":{"rendered":"<p style=\"text-align: center;\"><strong>A Campobasso un ciclo di masterclass con i pi\u00f9 grandi nomi dello showbiz e della cultura italiana<\/strong><\/p>\n<p><strong>Youth Hub Campobasso<\/strong> rappresenta un innovativo progetto di comunit\u00e0 volto a contrastare le povert\u00e0 relazionale, occupazionale ed economica tra studenti, giovani disoccupati e <strong>NEET<\/strong> (Not in Education, Employment, or Training). L&#8217;iniziativa, presentata questa mattina nel <strong>Palazzo San Giorgio<\/strong> a Campobasso, finanziata dall&#8217;<strong>ANCI<\/strong> (Associazione Italiana Comuni Italiani) e promossa dal Comune di Campobasso, \u00e8 stata ideata da <strong>ARES Sociale<\/strong> e realizzata in sinergia con le imprese sociali <em><strong>Sicurform Italia Group<\/strong><\/em> e<em> <strong>Borghi Artistici<\/strong>,<\/em> durer\u00e0 15 mesi, durante i quali professionisti ed esperti lavoreranno con e per il territorio, realizzando attivit\u00e0 di orientamento professionale e formativo; supporto alla ricerca attiva del lavoro (curriculum, video curriculum), con uno sportello fisico e uno digitale; affiancamento alle imprese, per attivare misure e agevolazioni per favorire l\u2019occupazione dei giovani; <strong>PCTO<\/strong> e laboratori nelle scuole; supporto a creativi e giovani speranzosi di lavorare nel campo delle arti e dello spettacolo; creazione di una <strong>Banca del Tempo<\/strong>, per consulenze gratuite; attivazione di tirocini e di occasioni di formazione in altre regioni italiane.<br \/>\nIn quest\u2019ambito si terr\u00e0 un ciclo di masterclass gratuite a Campobasso, negli spazi rinnovati del <strong>Centro Culturale ex Omni<\/strong> (Sala Alphaville), coordinati da <strong>MASSIMO POGGINI<\/strong>, giornalista e scrittore (direttore di Spettakolo.it), e <strong>Teresa Mariano<\/strong>, manager artistico e produttrice culturale di <em><strong>Borghi Artistici<\/strong><\/em>. Queste <em>masterclass<\/em> (aperte anche ad un numero chiuso di uditori) rappresentano un&#8217;occasione unica e di valore (data la modalit\u00e0 gratuita della partecipazione) per i giovani interessati al mondo delle arti e della cultura per acquisire competenze fondamentali sulla promozione e visibilit\u00e0 dei propri progetti, stimolando la nascita di nuove imprese culturali nel Molise.<br \/>\nIl programma di incontri dal titolo <strong>&#8220;YOUTH HUB TRA PALCO E REALT\u00c0&#8221;<\/strong>, prender\u00e0 il via il 24 giugno con un calendario ricco di nomi illustri del panorama culturale e artistico italiano. Ma <em><strong>YOUTH HUB<\/strong><\/em> prevede il &#8220;<em><strong>JOB DAY<\/strong><\/em>&#8220;, in programma il 2 luglio 2025 a partire dalle ore 10.00 presso il <strong>CTE di c.da Selvapiana<\/strong> a Campobasso. L&#8217;evento \u00e8 concepito come una giornata interamente dedicata a colloqui, workshop e opportunit\u00e0, riunendo domanda e offerta in un unico appuntamento. Le aziende che desiderano partecipare e incontrare nuovi talenti possono prenotare il proprio spazio gratuitamente, contattando il numero <strong>0874493750<\/strong> o scrivendo a info@sicurform.net. Per i giovani in cerca di un&#8217;opportunit\u00e0, sar\u00e0 possibile inquadrare un <strong>QR code<\/strong> sulla locandina per prenotare direttamente il proprio colloquio. Il &#8220;<strong>JOB DAY<\/strong>&#8221; si configura come un &#8220;<strong>NEXT STEP<\/strong>!&#8221; concreto per il futuro professionale del territorio.<\/p>\n<p><strong>LUNED\u00cc 24 GIUGNO (ore 16,00 \u2013 20,00)<\/strong><br \/>\n<strong>&#8220;LA COMUNICAZIONE E LA PROMOZIONE DI UN PROGETTO ARTISTICO-CULTURALE&#8221;<\/strong><br \/>\nQuesta sessione vedr\u00e0 la partecipazione dell&#8217;<strong>AGIMP<\/strong> (Associazione Giornalisti e Critici Italiani di Musica Popolare Contemporanea). Tra i relatori spicca <strong>ALEX PIERRO,<\/strong> Presidente AGIMP e figura di spicco nel panorama della musica italiana, che porter\u00e0 la sua vasta esperienza nel settore. Con lui,<strong> DANIELE MIGNARDI<\/strong>, docente del Master in Comunicazione ed eventi nello spettacolo presso la <strong>Luiss<\/strong>, offrir\u00e0 una prospettiva accademica e strategica. Saranno presenti anche <strong>GIANMARCO AIMI,<\/strong> giornalista e caporedattore di <em><strong>Mowmag<\/strong><\/em>, inviato di <em><strong>Rolling Stone Italia<\/strong><\/em> e collaboratore di prestigiose testate come <em><strong>Repubblica<\/strong><\/em> e Il <em><strong>Fatto Quotidiano<\/strong><\/em>, per approfondire le dinamiche del giornalismo culturale, e <strong>ALESSIO VITALE<\/strong>, designer e pubblicitario, che condivider\u00e0 le sue competenze sulla costruzione dell&#8217;immagine e della promozione visiva. Infine, <strong>MAURIZIO ORIUNNO<\/strong>, giornalista e direttore artistico di <strong>Sonika Poietika<\/strong>, offrir\u00e0 una visione sulla direzione artistica e la curatela di eventi in Molise.<\/p>\n<p><strong>MARTED\u00cc 25 GIUGNO:<\/strong><br \/>\n<strong>&#8220;L\u2019IMPRESA CULTURALE \u2013 PRODUZIONI E FORMAZIONE&#8221;<\/strong><br \/>\nIn partnership con <em><strong>SLOW MUSIC<\/strong><\/em>, questa masterclass vedr\u00e0 la prestigiosa partecipazione di <strong>CLAUDIO TROTTA<\/strong>, fondatore di <strong>Barley Arts,<\/strong> una delle pi\u00f9 importanti societ\u00e0 di organizzazione di concerti e spettacoli dal vivo in Italia. Trotta \u00e8 anche co-fondatore di <strong>Yourope<\/strong> (Associazione dei principali Festival Musicali Europei) e <strong>Assomusica<\/strong> (Associazione dei promoter e produttori di concerti italiani), portando una visione unica sul business dell&#8217;intrattenimento dal vivo. Sar\u00e0 affiancato da <strong>ROBERTO GROSSI<\/strong>, manager culturale, docente di <em>music business<\/em> nella prestigiosa <strong>St. Louis College of Music<\/strong> a Roma e direttore scientifico de L&#8217;Atlante delle Imprese Culturali e Creative in Italia 2023, edito da <strong>Treccani<\/strong>, nonch\u00e9 fondatore ed ex presidente di Federculture, che offrir\u00e0 una panoramica approfondita sul management culturale. Saranno presenti anche <strong>RANIERO PIZZA<\/strong>, CEO del <strong>Monk Club<\/strong> di Roma, che condivider\u00e0 le sue competenze nella gestione di spazi culturali e di eventi e <strong>DIEGO FLORIO<\/strong>, attore e docente in recitazione di <em><strong>A.C.T<\/strong><\/em>. (Arti Cinema Teatro) di Campobasso, per un contributo sulle dinamiche performative.<\/p>\n<p><strong>MERCOLED\u00cc 26 GIUGNO<\/strong><br \/>\n<strong>\u201cLA PROGETTUALIT\u00c0, L\u2019ORGANIZZAZIONE E LA PRODUZIONE DI UN EVENTO &#8211; OPERA CULTURALE&#8221;<\/strong><br \/>\nQuesta masterclass avr\u00e0 come docenti speciali <strong>ILARIA PILAR PATASSINI<\/strong>, cantante, autrice e docente di <strong>Officina Pasolini<\/strong> a Roma, che porter\u00e0 la sua esperienza artistica e didattica. Con lei, <strong>CESARE VERONICO<\/strong>, coordinatore di <em><strong>Puglia Sounds-Medimex<\/strong><\/em> e docente con la <em><strong>24ore Business School<\/strong> <\/em>dal 2023, che illustrer\u00e0 le strategie di progettazione e sviluppo musicale. Interverranno inoltre <strong>SERGIO ZINNA<\/strong>, che dal 2001 cura la direzione artistica del <strong>Centro Zo<\/strong> di Catania, portando la sua esperienza nell&#8217;organizzazione di centinaia di eventi multidisciplinari ed <strong>EVA SABELLI,<\/strong> attrice (Teatro del Loto) e voce della <strong>Riserva Moac<\/strong>, che offrir\u00e0 una prospettiva pratica sull&#8217;organizzazione di spettacoli.<\/p>\n<p><strong>LUNED\u00cc 30 GIUGNO<\/strong><br \/>\n<strong>&#8220;LE PRODUZIONI ARTISTICHE E LE OPERE SOCIO \u2013 CULTURALI NEI TERRITORI (ARTE- TERRITORI &#8211; COMUNIT\u00c0)&#8221;<\/strong><br \/>\nL&#8217;ultimo appuntamento sar\u00e0 arricchito dalla partecipazione straordinaria di <strong>TERESA DE SIO,<\/strong> una delle voci pi\u00f9 amate della musica partenopea, che condivider\u00e0 la sua esperienza artistica e il suo legame con il territorio. Sar\u00e0 presente anche <strong>LUCA ZANNOTTI<\/strong>, manager culturale di <em><strong>Musiche Metropolitane<\/strong><\/em>, l&#8217;agenzia dietro la rinascita del fenomeno <strong>CCCP<\/strong> \u2013 Fedeli alla linea, per esplorare le dinamiche delle produzioni musicali innovative. Contribuiranno al dibattito <strong>FERRUCCIO SPINETT<\/strong>I, artista e produttore culturale, contrabbassista della <strong>Piccola Orchestra Avion Travel<\/strong> (con cui ha vinto Sanremo nel 2000) e del duo <strong>Musica Nuda<\/strong>, nonch\u00e9 direttore artistico del <strong>Premio Bianca D&#8217;Aponte<\/strong>, che offrir\u00e0 una visione a 360 gradi del mondo della produzione artistica, e <strong>ALESSIO BONOMO<\/strong>, artista e autore con <strong>Sugar Music<\/strong>, conosciuto per la sua partecipazione al Festival di Sanremo, la collaborazione con <strong>Bob Dylan<\/strong> per la co-firma di un brano e la scrittura di testi per artisti come<strong> Andrea Bocelli<\/strong>, oltre ad aver vinto il Nastro d&#8217;Argento per la miglior canzone originale. Bonomo porter\u00e0 la sua esperienza nell&#8217;intersezione tra musica, scrittura e impatto sociale. Chiuder\u00e0 la masterclass <strong>GIANCLAUDIO PIEDIMONTE<\/strong>, presidente della storica <strong>Scuola di Musica Thelonious Monk<\/strong> di Campobasso.<br \/>\n<em><strong>YOUTH HUB CAMPOBASSO<\/strong><\/em> non \u00e8 solo un progetto di formazione, ma un vero e proprio volano per lo sviluppo del territorio e delle sue giovani generazioni. L&#8217;opportunit\u00e0 di confrontarsi e interagire con professionisti di tale calibro rappresenta un valore aggiunto inestimabile per chiunque desideri intraprendere una carriera nel settore culturale e artistico, fornendo strumenti concreti per affrontare le sfide del mondo del lavoro e creare nuove opportunit\u00e0 nel mondo delle imprese culturali molisane.<\/p>\n","protected":false},"excerpt":{"rendered":"<p>A Campobasso un ciclo di masterclass con i pi\u00f9 grandi nomi dello showbiz e della cultura italiana Youth Hub Campobasso&hellip;<\/p>\n","protected":false},"author":4,"featured_media":684,"comment_status":"open","ping_status":"open","sticky":false,"template":"","format":"standard","meta":{"footnotes":""},"categories":[16,15,14],"tags":[],"class_list":["post-679","post","type-post","status-publish","format-standard","has-post-thumbnail","hentry","category-agimp","category-eventi","category-news"],"yoast_head":"<!-- This site is optimized with the Yoast SEO plugin v20.4 - https:\/\/yoast.com\/wordpress\/plugins\/seo\/ -->\n<title>&quot;YOUTH HUB ALTA FORMAZIONE - TRA PALCO E REALT\u00c0\u201d - Agimp<\/title>\n<meta name=\"robots\" content=\"index, follow, max-snippet:-1, max-image-preview:large, max-video-preview:-1\" \/>\n<link rel=\"canonical\" href=\"https:\/\/agimp.it\/index.php\/2025\/06\/20\/youth-hub-alta-formazione-tra-palco-e-realta\/\" \/>\n<meta property=\"og:locale\" content=\"it_IT\" \/>\n<meta property=\"og:type\" content=\"article\" \/>\n<meta property=\"og:title\" content=\"&quot;YOUTH HUB ALTA FORMAZIONE - TRA PALCO E REALT\u00c0\u201d - Agimp\" \/>\n<meta property=\"og:description\" content=\"A Campobasso un ciclo di masterclass con i pi\u00f9 grandi nomi dello showbiz e della cultura italiana Youth Hub Campobasso&hellip;\" \/>\n<meta property=\"og:url\" content=\"https:\/\/agimp.it\/index.php\/2025\/06\/20\/youth-hub-alta-formazione-tra-palco-e-realta\/\" \/>\n<meta property=\"og:site_name\" content=\"Agimp\" \/>\n<meta property=\"article:published_time\" content=\"2025-06-20T18:42:26+00:00\" \/>\n<meta property=\"og:image\" content=\"https:\/\/agimp.it\/wp-content\/uploads\/2025\/06\/Schermata-2025-06-20-alle-20.41.31.png\" \/>\n\t<meta property=\"og:image:width\" content=\"612\" \/>\n\t<meta property=\"og:image:height\" content=\"876\" \/>\n\t<meta property=\"og:image:type\" content=\"image\/png\" \/>\n<meta name=\"author\" content=\"Agimp\" \/>\n<meta name=\"twitter:card\" content=\"summary_large_image\" \/>\n<meta name=\"twitter:label1\" content=\"Scritto da\" \/>\n\t<meta name=\"twitter:data1\" content=\"Agimp\" \/>\n\t<meta name=\"twitter:label2\" content=\"Tempo di lettura stimato\" \/>\n\t<meta name=\"twitter:data2\" content=\"6 minuti\" \/>\n<script type=\"application\/ld+json\" class=\"yoast-schema-graph\">{\"@context\":\"https:\/\/schema.org\",\"@graph\":[{\"@type\":\"Article\",\"@id\":\"https:\/\/agimp.it\/index.php\/2025\/06\/20\/youth-hub-alta-formazione-tra-palco-e-realta\/#article\",\"isPartOf\":{\"@id\":\"https:\/\/agimp.it\/index.php\/2025\/06\/20\/youth-hub-alta-formazione-tra-palco-e-realta\/\"},\"author\":{\"name\":\"Agimp\",\"@id\":\"https:\/\/agimp.it\/#\/schema\/person\/b3aa65cde3e25cb99b2bf84900bcb215\"},\"headline\":\"&#8220;YOUTH HUB ALTA FORMAZIONE &#8211; TRA PALCO E REALT\u00c0\u201d\",\"datePublished\":\"2025-06-20T18:42:26+00:00\",\"dateModified\":\"2025-06-20T18:42:26+00:00\",\"mainEntityOfPage\":{\"@id\":\"https:\/\/agimp.it\/index.php\/2025\/06\/20\/youth-hub-alta-formazione-tra-palco-e-realta\/\"},\"wordCount\":1118,\"commentCount\":0,\"publisher\":{\"@id\":\"https:\/\/agimp.it\/#organization\"},\"articleSection\":[\"AGIMP\",\"Eventi\",\"News\"],\"inLanguage\":\"it-IT\",\"potentialAction\":[{\"@type\":\"CommentAction\",\"name\":\"Comment\",\"target\":[\"https:\/\/agimp.it\/index.php\/2025\/06\/20\/youth-hub-alta-formazione-tra-palco-e-realta\/#respond\"]}]},{\"@type\":\"WebPage\",\"@id\":\"https:\/\/agimp.it\/index.php\/2025\/06\/20\/youth-hub-alta-formazione-tra-palco-e-realta\/\",\"url\":\"https:\/\/agimp.it\/index.php\/2025\/06\/20\/youth-hub-alta-formazione-tra-palco-e-realta\/\",\"name\":\"\\\"YOUTH HUB ALTA FORMAZIONE - TRA PALCO E REALT\u00c0\u201d - Agimp\",\"isPartOf\":{\"@id\":\"https:\/\/agimp.it\/#website\"},\"datePublished\":\"2025-06-20T18:42:26+00:00\",\"dateModified\":\"2025-06-20T18:42:26+00:00\",\"breadcrumb\":{\"@id\":\"https:\/\/agimp.it\/index.php\/2025\/06\/20\/youth-hub-alta-formazione-tra-palco-e-realta\/#breadcrumb\"},\"inLanguage\":\"it-IT\",\"potentialAction\":[{\"@type\":\"ReadAction\",\"target\":[\"https:\/\/agimp.it\/index.php\/2025\/06\/20\/youth-hub-alta-formazione-tra-palco-e-realta\/\"]}]},{\"@type\":\"BreadcrumbList\",\"@id\":\"https:\/\/agimp.it\/index.php\/2025\/06\/20\/youth-hub-alta-formazione-tra-palco-e-realta\/#breadcrumb\",\"itemListElement\":[{\"@type\":\"ListItem\",\"position\":1,\"name\":\"Home\",\"item\":\"https:\/\/agimp.it\/\"},{\"@type\":\"ListItem\",\"position\":2,\"name\":\"&#8220;YOUTH HUB ALTA FORMAZIONE &#8211; TRA PALCO E REALT\u00c0\u201d\"}]},{\"@type\":\"WebSite\",\"@id\":\"https:\/\/agimp.it\/#website\",\"url\":\"https:\/\/agimp.it\/\",\"name\":\"Agimp\",\"description\":\"Sito ufficiale dell&#039;Associazione Giornalisti e critici Italiani di Musica Popolare contemporanea\",\"publisher\":{\"@id\":\"https:\/\/agimp.it\/#organization\"},\"potentialAction\":[{\"@type\":\"SearchAction\",\"target\":{\"@type\":\"EntryPoint\",\"urlTemplate\":\"https:\/\/agimp.it\/?s={search_term_string}\"},\"query-input\":\"required name=search_term_string\"}],\"inLanguage\":\"it-IT\"},{\"@type\":\"Organization\",\"@id\":\"https:\/\/agimp.it\/#organization\",\"name\":\"Agimp\",\"url\":\"https:\/\/agimp.it\/\",\"logo\":{\"@type\":\"ImageObject\",\"inLanguage\":\"it-IT\",\"@id\":\"https:\/\/agimp.it\/#\/schema\/logo\/image\/\",\"url\":\"https:\/\/agimp.it\/wp-content\/uploads\/2022\/03\/cropped-banner-sito.jpg\",\"contentUrl\":\"https:\/\/agimp.it\/wp-content\/uploads\/2022\/03\/cropped-banner-sito.jpg\",\"width\":1000,\"height\":327,\"caption\":\"Agimp\"},\"image\":{\"@id\":\"https:\/\/agimp.it\/#\/schema\/logo\/image\/\"}},{\"@type\":\"Person\",\"@id\":\"https:\/\/agimp.it\/#\/schema\/person\/b3aa65cde3e25cb99b2bf84900bcb215\",\"name\":\"Agimp\",\"image\":{\"@type\":\"ImageObject\",\"inLanguage\":\"it-IT\",\"@id\":\"https:\/\/agimp.it\/#\/schema\/person\/image\/\",\"url\":\"https:\/\/secure.gravatar.com\/avatar\/46b79ab6e61709b4f7376434b6cb7c91c80597ced7305408046ea8a17dc34fc2?s=96&d=mm&r=g\",\"contentUrl\":\"https:\/\/secure.gravatar.com\/avatar\/46b79ab6e61709b4f7376434b6cb7c91c80597ced7305408046ea8a17dc34fc2?s=96&d=mm&r=g\",\"caption\":\"Agimp\"},\"sameAs\":[\"http:\/\/www.agimp.it\"],\"url\":\"https:\/\/agimp.it\/index.php\/author\/agimp\/\"}]}<\/script>\n<!-- \/ Yoast SEO plugin. -->","yoast_head_json":{"title":"\"YOUTH HUB ALTA FORMAZIONE - TRA PALCO E REALT\u00c0\u201d - Agimp","robots":{"index":"index","follow":"follow","max-snippet":"max-snippet:-1","max-image-preview":"max-image-preview:large","max-video-preview":"max-video-preview:-1"},"canonical":"https:\/\/agimp.it\/index.php\/2025\/06\/20\/youth-hub-alta-formazione-tra-palco-e-realta\/","og_locale":"it_IT","og_type":"article","og_title":"\"YOUTH HUB ALTA FORMAZIONE - TRA PALCO E REALT\u00c0\u201d - Agimp","og_description":"A Campobasso un ciclo di masterclass con i pi\u00f9 grandi nomi dello showbiz e della cultura italiana Youth Hub Campobasso&hellip;","og_url":"https:\/\/agimp.it\/index.php\/2025\/06\/20\/youth-hub-alta-formazione-tra-palco-e-realta\/","og_site_name":"Agimp","article_published_time":"2025-06-20T18:42:26+00:00","og_image":[{"width":612,"height":876,"url":"https:\/\/agimp.it\/wp-content\/uploads\/2025\/06\/Schermata-2025-06-20-alle-20.41.31.png","type":"image\/png"}],"author":"Agimp","twitter_card":"summary_large_image","twitter_misc":{"Scritto da":"Agimp","Tempo di lettura stimato":"6 minuti"},"schema":{"@context":"https:\/\/schema.org","@graph":[{"@type":"Article","@id":"https:\/\/agimp.it\/index.php\/2025\/06\/20\/youth-hub-alta-formazione-tra-palco-e-realta\/#article","isPartOf":{"@id":"https:\/\/agimp.it\/index.php\/2025\/06\/20\/youth-hub-alta-formazione-tra-palco-e-realta\/"},"author":{"name":"Agimp","@id":"https:\/\/agimp.it\/#\/schema\/person\/b3aa65cde3e25cb99b2bf84900bcb215"},"headline":"&#8220;YOUTH HUB ALTA FORMAZIONE &#8211; TRA PALCO E REALT\u00c0\u201d","datePublished":"2025-06-20T18:42:26+00:00","dateModified":"2025-06-20T18:42:26+00:00","mainEntityOfPage":{"@id":"https:\/\/agimp.it\/index.php\/2025\/06\/20\/youth-hub-alta-formazione-tra-palco-e-realta\/"},"wordCount":1118,"commentCount":0,"publisher":{"@id":"https:\/\/agimp.it\/#organization"},"articleSection":["AGIMP","Eventi","News"],"inLanguage":"it-IT","potentialAction":[{"@type":"CommentAction","name":"Comment","target":["https:\/\/agimp.it\/index.php\/2025\/06\/20\/youth-hub-alta-formazione-tra-palco-e-realta\/#respond"]}]},{"@type":"WebPage","@id":"https:\/\/agimp.it\/index.php\/2025\/06\/20\/youth-hub-alta-formazione-tra-palco-e-realta\/","url":"https:\/\/agimp.it\/index.php\/2025\/06\/20\/youth-hub-alta-formazione-tra-palco-e-realta\/","name":"\"YOUTH HUB ALTA FORMAZIONE - TRA PALCO E REALT\u00c0\u201d - Agimp","isPartOf":{"@id":"https:\/\/agimp.it\/#website"},"datePublished":"2025-06-20T18:42:26+00:00","dateModified":"2025-06-20T18:42:26+00:00","breadcrumb":{"@id":"https:\/\/agimp.it\/index.php\/2025\/06\/20\/youth-hub-alta-formazione-tra-palco-e-realta\/#breadcrumb"},"inLanguage":"it-IT","potentialAction":[{"@type":"ReadAction","target":["https:\/\/agimp.it\/index.php\/2025\/06\/20\/youth-hub-alta-formazione-tra-palco-e-realta\/"]}]},{"@type":"BreadcrumbList","@id":"https:\/\/agimp.it\/index.php\/2025\/06\/20\/youth-hub-alta-formazione-tra-palco-e-realta\/#breadcrumb","itemListElement":[{"@type":"ListItem","position":1,"name":"Home","item":"https:\/\/agimp.it\/"},{"@type":"ListItem","position":2,"name":"&#8220;YOUTH HUB ALTA FORMAZIONE &#8211; TRA PALCO E REALT\u00c0\u201d"}]},{"@type":"WebSite","@id":"https:\/\/agimp.it\/#website","url":"https:\/\/agimp.it\/","name":"Agimp","description":"Sito ufficiale dell&#039;Associazione Giornalisti e critici Italiani di Musica Popolare contemporanea","publisher":{"@id":"https:\/\/agimp.it\/#organization"},"potentialAction":[{"@type":"SearchAction","target":{"@type":"EntryPoint","urlTemplate":"https:\/\/agimp.it\/?s={search_term_string}"},"query-input":"required name=search_term_string"}],"inLanguage":"it-IT"},{"@type":"Organization","@id":"https:\/\/agimp.it\/#organization","name":"Agimp","url":"https:\/\/agimp.it\/","logo":{"@type":"ImageObject","inLanguage":"it-IT","@id":"https:\/\/agimp.it\/#\/schema\/logo\/image\/","url":"https:\/\/agimp.it\/wp-content\/uploads\/2022\/03\/cropped-banner-sito.jpg","contentUrl":"https:\/\/agimp.it\/wp-content\/uploads\/2022\/03\/cropped-banner-sito.jpg","width":1000,"height":327,"caption":"Agimp"},"image":{"@id":"https:\/\/agimp.it\/#\/schema\/logo\/image\/"}},{"@type":"Person","@id":"https:\/\/agimp.it\/#\/schema\/person\/b3aa65cde3e25cb99b2bf84900bcb215","name":"Agimp","image":{"@type":"ImageObject","inLanguage":"it-IT","@id":"https:\/\/agimp.it\/#\/schema\/person\/image\/","url":"https:\/\/secure.gravatar.com\/avatar\/46b79ab6e61709b4f7376434b6cb7c91c80597ced7305408046ea8a17dc34fc2?s=96&d=mm&r=g","contentUrl":"https:\/\/secure.gravatar.com\/avatar\/46b79ab6e61709b4f7376434b6cb7c91c80597ced7305408046ea8a17dc34fc2?s=96&d=mm&r=g","caption":"Agimp"},"sameAs":["http:\/\/www.agimp.it"],"url":"https:\/\/agimp.it\/index.php\/author\/agimp\/"}]}},"_links":{"self":[{"href":"https:\/\/agimp.it\/index.php\/wp-json\/wp\/v2\/posts\/679","targetHints":{"allow":["GET"]}}],"collection":[{"href":"https:\/\/agimp.it\/index.php\/wp-json\/wp\/v2\/posts"}],"about":[{"href":"https:\/\/agimp.it\/index.php\/wp-json\/wp\/v2\/types\/post"}],"author":[{"embeddable":true,"href":"https:\/\/agimp.it\/index.php\/wp-json\/wp\/v2\/users\/4"}],"replies":[{"embeddable":true,"href":"https:\/\/agimp.it\/index.php\/wp-json\/wp\/v2\/comments?post=679"}],"version-history":[{"count":3,"href":"https:\/\/agimp.it\/index.php\/wp-json\/wp\/v2\/posts\/679\/revisions"}],"predecessor-version":[{"id":683,"href":"https:\/\/agimp.it\/index.php\/wp-json\/wp\/v2\/posts\/679\/revisions\/683"}],"wp:featuredmedia":[{"embeddable":true,"href":"https:\/\/agimp.it\/index.php\/wp-json\/wp\/v2\/media\/684"}],"wp:attachment":[{"href":"https:\/\/agimp.it\/index.php\/wp-json\/wp\/v2\/media?parent=679"}],"wp:term":[{"taxonomy":"category","embeddable":true,"href":"https:\/\/agimp.it\/index.php\/wp-json\/wp\/v2\/categories?post=679"},{"taxonomy":"post_tag","embeddable":true,"href":"https:\/\/agimp.it\/index.php\/wp-json\/wp\/v2\/tags?post=679"}],"curies":[{"name":"wp","href":"https:\/\/api.w.org\/{rel}","templated":true}]}}