{"id":635,"date":"2025-06-04T17:59:04","date_gmt":"2025-06-04T17:59:04","guid":{"rendered":"https:\/\/agimp.it\/?p=635"},"modified":"2025-06-04T18:21:27","modified_gmt":"2025-06-04T18:21:27","slug":"premio-fabrizio-de-andre-2025-fabio-macagnino-trionfa-nella-tappa-calabrese-e-vola-alle-semifinali-nazionali","status":"publish","type":"post","link":"https:\/\/agimp.it\/index.php\/2025\/06\/04\/premio-fabrizio-de-andre-2025-fabio-macagnino-trionfa-nella-tappa-calabrese-e-vola-alle-semifinali-nazionali\/","title":{"rendered":"PREMIO FABRIZIO DE ANDR\u00c9 2025: FABIO MACAGNINO TRIONFA NELLA TAPPA CALABRESE E VOLA ALLE SEMIFINALI NAZIONALI"},"content":{"rendered":"<p>Una straordinaria festa della musica d&#8217;autore al <a href=\"https:\/\/www.bigeasymusicclub.com\/\"><strong>Big Easy Music Club<\/strong><\/a> di <strong>Reggio Calabria<\/strong>: la qualit\u00e0 eccezionale dei dieci artisti selezionati dal promoter esclusivo per la Calabria <strong>Alessio Lagan\u00e0<\/strong> ha conquistato la commissione d&#8217;eccezione formata da <strong>Teresa De Sio<\/strong>, <strong>Luisa Melis<\/strong> e <strong>Teresa Mariano<\/strong><\/p>\n<p><strong>Fabio Macagnino<\/strong> trionfa nella tappa calabrese del <a href=\"https:\/\/www.premiofabriziodeandre.it\/\"><strong>Premio Fabrizio De Andr\u00e9<\/strong><\/a> &#8220;<strong>E ti piace lasciarti ascoltare<\/strong>&#8221; &#8211; patrocinato dalla Fondazione guidata da <strong>Dori Ghezzi<\/strong> e organizzato da <a href=\"https:\/\/www.borghiartistici.com\/it\/\"><strong>Borghi Artistici<\/strong><\/a> &#8211; e conquista la semifinale nazionale. Insieme a lui, a vincere \u00e8 tutta la Calabria, nella straordinaria festa della musica d\u2019autore che \u00e8 stata la finale regionale calabrese tenutasi il 30 maggio al <a href=\"https:\/\/www.bigeasymusicclub.com\/\"><strong>Big Easy Music Club<\/strong><\/a> e che ha dato ufficialmente il via al <strong>Tour nazionale 2025 Del Premio De Andr\u00e9<\/strong>.<br \/>\nUna serata magica, carica di vibrazioni positive: <strong>Teresa De Sio<\/strong> ascolta e si confronta con le colleghe di commissione <strong>Luisa Melis<\/strong> e <strong>Teresa Mariano<\/strong>, sussurrando qualcosa che suona come una nota di apprezzamento e di gioia.<br \/>\nPoco prima, dal palco del <a href=\"https:\/\/www.bigeasymusicclub.com\/\"><strong>Big Easy Music Club<\/strong><\/a>, \u00e8 appena sceso <strong>Dardis<\/strong>, il ragazzo di Cerzeto che sa gi\u00e0 maneggiare le parole come un artigiano esperto, e con non poca emozione. Prima ancora era stata la volta di <strong>Oscar Uaild<\/strong>, il cui rap ha conquistato tutti, spazzando via ogni possibile dubbio sul fatto che certi generi non possano dialogare con l&#8217;eredit\u00e0 di Faber.<br \/>\n<strong>Gabriele Laponte<\/strong> con i suoi racconti intessuti di esperienze soprattutto tra Barcellona e Bagnara; <strong>Lio,<\/strong> fresco secondo a Castrocaro; la studentessa di medicina <strong>Libra<\/strong> che nasconde dietro i libri di anatomia una sensibilit\u00e0 poetica rara; il reggino <strong>Winston<\/strong>, l&#8217;evocativo e seguitissimo <strong>Sas\u00e0 Calabrese<\/strong>: ognuno ha portato un pezzo di s\u00e9 stesso e della pi\u00f9 bella <strong>\u201cCalabria nazionale d\u2019autore\u201d<\/strong> dentro un evento denso di talento ed energia.<br \/>\nTrenta artisti sul palco, contando i musicisti che hanno accompagnato i dieci autori. Tre ore di spettacolo assoluto, un pubblico che ha riempito ogni angolo del <a href=\"https:\/\/www.bigeasymusicclub.com\/\"><strong>Big Easy Music Club<\/strong><\/a> reggino: i numeri raccontano una parte della storia.<br \/>\nL&#8217;altra parte vive nei volti degli artisti mentre si ascoltano a vicenda, nella commozione di <strong>Martina Mattiani<\/strong> accompagnata al pianoforte dal padre <strong>Gino<\/strong>, nell&#8217;energia travolgente di <strong>Angelica Perri<\/strong> che fa dialogare tradizione e innovazione come se fosse la cosa pi\u00f9 naturale del mondo.<br \/>\n<strong>Luisa Melis<\/strong>, direttore artistico del Premio, nel decretare il vincitore calabrese, ha ammesso la grande difficolt\u00e0 di scelta tra tante proposte di altissimo livello: &#8220;<em>Tutti bravissimi, ammetto che \u00e8 stato molto complicato decidere. Noi crediamo che ce ne sarebbero altri tre o quattro da ripescare, per cui chiediamo a questi straordinari artisti di iscriversi gratuitamente al contest de Andr\u00e9 aperto fino al 15 giugno<\/em>&#8220;.<br \/>\n<strong>Teresa Mariano<\/strong>, che di artisti ne ha lanciati parecchi \u2013 da <strong>Caparezza<\/strong> ai <strong>Negramaro<\/strong>, per citarne solo alcuni \u2013 non nasconde il suo entusiasmo: &#8220;<em>Quando siamo arrivate con Teresa De Sio e Luisa Melis abbiamo trovato un&#8217;energia pazzesca. Ascoltare gli artisti senza vincoli, dal vivo, riporta al significato pi\u00f9 vero della musica d&#8217;autore. Alessio Lagan\u00e0, nostro referente per la Calabria, ha colto non solo il senso di questa iniziativa, ma ha scelto il luogo ideale. Custoditelo questo posto, perch\u00e9 non ce ne sono molti cos\u00ec!<\/em>&#8220;.<br \/>\n\u201c<em>Livello alto! \u00c8 stato difficile sceglierne uno.<\/em>&#8220;, confessa l\u2019autrice e scrittrice <strong>Teresa De Sio<\/strong>. &#8220;<em>Ho fatto parte di altre commissioni, anche Sanremo Giovani, ma stasera davvero non c&#8217;\u00e8 stato nessuno<\/em><br \/>\n<em>che non fosse all&#8217;altezza. E, se posso dirlo, a me il rap di questa sera \u00e8 piaciuto tantissimo!<\/em>&#8220;.<br \/>\n<strong>Fabio Macagnino<\/strong>, il vincitore, porta in s\u00e9 una storia che \u00e8 gi\u00e0 canzone: le radici che viaggiano dalla Germania alla<img loading=\"lazy\" decoding=\"async\" class=\"alignright  wp-image-644\" src=\"https:\/\/agimp.it\/wp-content\/uploads\/2025\/06\/Fabio-MAcagnino.png\" alt=\"\" width=\"223\" height=\"165\" \/><img loading=\"lazy\" decoding=\"async\" class=\"alignright size-thumbnail wp-image-642\" src=\"https:\/\/agimp.it\/wp-content\/uploads\/2025\/06\/048-Fabio-MAcagnino-1.jpg\" alt=\"\" width=\"1\" height=\"1\" \/><img loading=\"lazy\" decoding=\"async\" class=\"alignright size-thumbnail wp-image-642\" src=\"https:\/\/agimp.it\/wp-content\/uploads\/2025\/06\/048-Fabio-MAcagnino-1.jpg\" alt=\"\" width=\"1\" height=\"1\" \/> Calabria; la madre, \u201c<em><strong>Farfalla dei gelsomini<\/strong><\/em>\u201d, l&#8217;identit\u00e0 che si costruisce attraverso il racconto delle tradizioni, la scoperta di appartenere a una terra che senti profondamente tua e che vuoi \u201ccantare\u201d. Visibilmente emozionato, ha poi donato nuova gioia a tutti i presenti con una esibizione conclusiva che ha fatto cantare e commuovere tutti.<br \/>\nUna serata magica che ha espresso lo spirito di fratellanza artistica che <strong>Alessio Lagan\u00e0<\/strong>, promoter esclusivo per la Calabria, aveva immaginato quando ha girato la regione per scovare questi talenti. &#8220;<em>Si \u00e8 subito creata un&#8217;atmosfera carica di energia positiva, una complicit\u00e0 tra gli artisti che ci ha commosso<\/em>&#8220;, racconta. &#8220;<em>Per questo grande successo devo ringraziare la \u201cfamiglia\u201d del Big Easy Music Club<\/em> \u2013 la casa dell\u2019arte e degli artisti in Calabria &#8211; <em>e chi ci ha supportato, nonch\u00e9 tutto lo staff tecnico&#8221;.<\/em><br \/>\nIl giorno dopo, nell&#8217;incontro formativo &#8220;<em><strong>Aula Aperta<\/strong><\/em>&#8220;, la commissione ha offerto la propria esperienza agli artisti, quel ponte tra generazioni che \u00e8 il regalo pi\u00f9 prezioso di tutta l&#8217;iniziativa. E mentre Macagnino si prepara per le semifinali nazionali, resta il sapore di una notte in cui la Calabria ha dimostrato che la sua voce, quando \u00e8 genuina, sa farsi sentire ovunque. E che la musica d&#8217;autore, quella vera, \u00e8 sempre una festa: dell&#8217;anima, della memoria, del futuro che si costruisce una nota alla volta.<\/p>\n<p><strong>Sito e Social<\/strong>:<\/p>\n<p><a href=\"https:\/\/www.premiofabriziodeandre.it\/\"><strong>www.premiofabriziodeandre.it<\/strong><\/a><br \/>\n<a href=\"https:\/\/www.facebook.com\/premiodeandre\/\"><strong>Facebook<\/strong> <\/a>|<a href=\"https:\/\/www.instagram.com\/premiofabriziodeandre_\"><strong> Instagram<\/strong><\/a><\/p>\n","protected":false},"excerpt":{"rendered":"<p>Una straordinaria festa della musica d&#8217;autore al Big Easy Music Club di Reggio Calabria: la qualit\u00e0 eccezionale dei dieci artisti&hellip;<\/p>\n","protected":false},"author":4,"featured_media":638,"comment_status":"open","ping_status":"open","sticky":false,"template":"","format":"standard","meta":{"footnotes":""},"categories":[16,15,14],"tags":[],"class_list":["post-635","post","type-post","status-publish","format-standard","has-post-thumbnail","hentry","category-agimp","category-eventi","category-news"],"yoast_head":"<!-- This site is optimized with the Yoast SEO plugin v20.4 - https:\/\/yoast.com\/wordpress\/plugins\/seo\/ -->\n<title>PREMIO FABRIZIO DE ANDR\u00c9 2025: FABIO MACAGNINO TRIONFA NELLA TAPPA CALABRESE E VOLA ALLE SEMIFINALI NAZIONALI - Agimp<\/title>\n<meta name=\"description\" content=\"PREMIO FABRIZIO DE ANDR\u00c9 2025: FABIO MACAGNINO TRIONFA NELLA TAPPA CALABRESE E VOLA ALLE SEMIFINALI NAZIONALI\" \/>\n<meta name=\"robots\" content=\"index, follow, max-snippet:-1, max-image-preview:large, max-video-preview:-1\" \/>\n<link rel=\"canonical\" href=\"https:\/\/agimp.it\/index.php\/2025\/06\/04\/premio-fabrizio-de-andre-2025-fabio-macagnino-trionfa-nella-tappa-calabrese-e-vola-alle-semifinali-nazionali\/\" \/>\n<meta property=\"og:locale\" content=\"it_IT\" \/>\n<meta property=\"og:type\" content=\"article\" \/>\n<meta property=\"og:title\" content=\"PREMIO FABRIZIO DE ANDR\u00c9 2025: FABIO MACAGNINO TRIONFA NELLA TAPPA CALABRESE E VOLA ALLE SEMIFINALI NAZIONALI - Agimp\" \/>\n<meta property=\"og:description\" content=\"PREMIO FABRIZIO DE ANDR\u00c9 2025: FABIO MACAGNINO TRIONFA NELLA TAPPA CALABRESE E VOLA ALLE SEMIFINALI NAZIONALI\" \/>\n<meta property=\"og:url\" content=\"https:\/\/agimp.it\/index.php\/2025\/06\/04\/premio-fabrizio-de-andre-2025-fabio-macagnino-trionfa-nella-tappa-calabrese-e-vola-alle-semifinali-nazionali\/\" \/>\n<meta property=\"og:site_name\" content=\"Agimp\" \/>\n<meta property=\"article:published_time\" content=\"2025-06-04T17:59:04+00:00\" \/>\n<meta property=\"article:modified_time\" content=\"2025-06-04T18:21:27+00:00\" \/>\n<meta property=\"og:image\" content=\"https:\/\/agimp.it\/wp-content\/uploads\/2025\/06\/Schermata-2025-06-04-alle-19.39.58.png\" \/>\n\t<meta property=\"og:image:width\" content=\"1024\" \/>\n\t<meta property=\"og:image:height\" content=\"686\" \/>\n\t<meta property=\"og:image:type\" content=\"image\/png\" \/>\n<meta name=\"author\" content=\"Agimp\" \/>\n<meta name=\"twitter:card\" content=\"summary_large_image\" \/>\n<meta name=\"twitter:label1\" content=\"Scritto da\" \/>\n\t<meta name=\"twitter:data1\" content=\"Agimp\" \/>\n\t<meta name=\"twitter:label2\" content=\"Tempo di lettura stimato\" \/>\n\t<meta name=\"twitter:data2\" content=\"5 minuti\" \/>\n<script type=\"application\/ld+json\" class=\"yoast-schema-graph\">{\"@context\":\"https:\/\/schema.org\",\"@graph\":[{\"@type\":\"Article\",\"@id\":\"https:\/\/agimp.it\/index.php\/2025\/06\/04\/premio-fabrizio-de-andre-2025-fabio-macagnino-trionfa-nella-tappa-calabrese-e-vola-alle-semifinali-nazionali\/#article\",\"isPartOf\":{\"@id\":\"https:\/\/agimp.it\/index.php\/2025\/06\/04\/premio-fabrizio-de-andre-2025-fabio-macagnino-trionfa-nella-tappa-calabrese-e-vola-alle-semifinali-nazionali\/\"},\"author\":{\"name\":\"Agimp\",\"@id\":\"https:\/\/agimp.it\/#\/schema\/person\/b3aa65cde3e25cb99b2bf84900bcb215\"},\"headline\":\"PREMIO FABRIZIO DE ANDR\u00c9 2025: FABIO MACAGNINO TRIONFA NELLA TAPPA CALABRESE E VOLA ALLE SEMIFINALI NAZIONALI\",\"datePublished\":\"2025-06-04T17:59:04+00:00\",\"dateModified\":\"2025-06-04T18:21:27+00:00\",\"mainEntityOfPage\":{\"@id\":\"https:\/\/agimp.it\/index.php\/2025\/06\/04\/premio-fabrizio-de-andre-2025-fabio-macagnino-trionfa-nella-tappa-calabrese-e-vola-alle-semifinali-nazionali\/\"},\"wordCount\":817,\"commentCount\":0,\"publisher\":{\"@id\":\"https:\/\/agimp.it\/#organization\"},\"articleSection\":[\"AGIMP\",\"Eventi\",\"News\"],\"inLanguage\":\"it-IT\",\"potentialAction\":[{\"@type\":\"CommentAction\",\"name\":\"Comment\",\"target\":[\"https:\/\/agimp.it\/index.php\/2025\/06\/04\/premio-fabrizio-de-andre-2025-fabio-macagnino-trionfa-nella-tappa-calabrese-e-vola-alle-semifinali-nazionali\/#respond\"]}]},{\"@type\":\"WebPage\",\"@id\":\"https:\/\/agimp.it\/index.php\/2025\/06\/04\/premio-fabrizio-de-andre-2025-fabio-macagnino-trionfa-nella-tappa-calabrese-e-vola-alle-semifinali-nazionali\/\",\"url\":\"https:\/\/agimp.it\/index.php\/2025\/06\/04\/premio-fabrizio-de-andre-2025-fabio-macagnino-trionfa-nella-tappa-calabrese-e-vola-alle-semifinali-nazionali\/\",\"name\":\"PREMIO FABRIZIO DE ANDR\u00c9 2025: FABIO MACAGNINO TRIONFA NELLA TAPPA CALABRESE E VOLA ALLE SEMIFINALI NAZIONALI - Agimp\",\"isPartOf\":{\"@id\":\"https:\/\/agimp.it\/#website\"},\"datePublished\":\"2025-06-04T17:59:04+00:00\",\"dateModified\":\"2025-06-04T18:21:27+00:00\",\"description\":\"PREMIO FABRIZIO DE ANDR\u00c9 2025: FABIO MACAGNINO TRIONFA NELLA TAPPA CALABRESE E VOLA ALLE SEMIFINALI NAZIONALI\",\"breadcrumb\":{\"@id\":\"https:\/\/agimp.it\/index.php\/2025\/06\/04\/premio-fabrizio-de-andre-2025-fabio-macagnino-trionfa-nella-tappa-calabrese-e-vola-alle-semifinali-nazionali\/#breadcrumb\"},\"inLanguage\":\"it-IT\",\"potentialAction\":[{\"@type\":\"ReadAction\",\"target\":[\"https:\/\/agimp.it\/index.php\/2025\/06\/04\/premio-fabrizio-de-andre-2025-fabio-macagnino-trionfa-nella-tappa-calabrese-e-vola-alle-semifinali-nazionali\/\"]}]},{\"@type\":\"BreadcrumbList\",\"@id\":\"https:\/\/agimp.it\/index.php\/2025\/06\/04\/premio-fabrizio-de-andre-2025-fabio-macagnino-trionfa-nella-tappa-calabrese-e-vola-alle-semifinali-nazionali\/#breadcrumb\",\"itemListElement\":[{\"@type\":\"ListItem\",\"position\":1,\"name\":\"Home\",\"item\":\"https:\/\/agimp.it\/\"},{\"@type\":\"ListItem\",\"position\":2,\"name\":\"PREMIO FABRIZIO DE ANDR\u00c9 2025: FABIO MACAGNINO TRIONFA NELLA TAPPA CALABRESE E VOLA ALLE SEMIFINALI NAZIONALI\"}]},{\"@type\":\"WebSite\",\"@id\":\"https:\/\/agimp.it\/#website\",\"url\":\"https:\/\/agimp.it\/\",\"name\":\"Agimp\",\"description\":\"Sito ufficiale dell&#039;Associazione Giornalisti e critici Italiani di Musica Popolare contemporanea\",\"publisher\":{\"@id\":\"https:\/\/agimp.it\/#organization\"},\"potentialAction\":[{\"@type\":\"SearchAction\",\"target\":{\"@type\":\"EntryPoint\",\"urlTemplate\":\"https:\/\/agimp.it\/?s={search_term_string}\"},\"query-input\":\"required name=search_term_string\"}],\"inLanguage\":\"it-IT\"},{\"@type\":\"Organization\",\"@id\":\"https:\/\/agimp.it\/#organization\",\"name\":\"Agimp\",\"url\":\"https:\/\/agimp.it\/\",\"logo\":{\"@type\":\"ImageObject\",\"inLanguage\":\"it-IT\",\"@id\":\"https:\/\/agimp.it\/#\/schema\/logo\/image\/\",\"url\":\"https:\/\/agimp.it\/wp-content\/uploads\/2022\/03\/cropped-banner-sito.jpg\",\"contentUrl\":\"https:\/\/agimp.it\/wp-content\/uploads\/2022\/03\/cropped-banner-sito.jpg\",\"width\":1000,\"height\":327,\"caption\":\"Agimp\"},\"image\":{\"@id\":\"https:\/\/agimp.it\/#\/schema\/logo\/image\/\"}},{\"@type\":\"Person\",\"@id\":\"https:\/\/agimp.it\/#\/schema\/person\/b3aa65cde3e25cb99b2bf84900bcb215\",\"name\":\"Agimp\",\"image\":{\"@type\":\"ImageObject\",\"inLanguage\":\"it-IT\",\"@id\":\"https:\/\/agimp.it\/#\/schema\/person\/image\/\",\"url\":\"https:\/\/secure.gravatar.com\/avatar\/46b79ab6e61709b4f7376434b6cb7c91c80597ced7305408046ea8a17dc34fc2?s=96&d=mm&r=g\",\"contentUrl\":\"https:\/\/secure.gravatar.com\/avatar\/46b79ab6e61709b4f7376434b6cb7c91c80597ced7305408046ea8a17dc34fc2?s=96&d=mm&r=g\",\"caption\":\"Agimp\"},\"sameAs\":[\"http:\/\/www.agimp.it\"],\"url\":\"https:\/\/agimp.it\/index.php\/author\/agimp\/\"}]}<\/script>\n<!-- \/ Yoast SEO plugin. -->","yoast_head_json":{"title":"PREMIO FABRIZIO DE ANDR\u00c9 2025: FABIO MACAGNINO TRIONFA NELLA TAPPA CALABRESE E VOLA ALLE SEMIFINALI NAZIONALI - Agimp","description":"PREMIO FABRIZIO DE ANDR\u00c9 2025: FABIO MACAGNINO TRIONFA NELLA TAPPA CALABRESE E VOLA ALLE SEMIFINALI NAZIONALI","robots":{"index":"index","follow":"follow","max-snippet":"max-snippet:-1","max-image-preview":"max-image-preview:large","max-video-preview":"max-video-preview:-1"},"canonical":"https:\/\/agimp.it\/index.php\/2025\/06\/04\/premio-fabrizio-de-andre-2025-fabio-macagnino-trionfa-nella-tappa-calabrese-e-vola-alle-semifinali-nazionali\/","og_locale":"it_IT","og_type":"article","og_title":"PREMIO FABRIZIO DE ANDR\u00c9 2025: FABIO MACAGNINO TRIONFA NELLA TAPPA CALABRESE E VOLA ALLE SEMIFINALI NAZIONALI - Agimp","og_description":"PREMIO FABRIZIO DE ANDR\u00c9 2025: FABIO MACAGNINO TRIONFA NELLA TAPPA CALABRESE E VOLA ALLE SEMIFINALI NAZIONALI","og_url":"https:\/\/agimp.it\/index.php\/2025\/06\/04\/premio-fabrizio-de-andre-2025-fabio-macagnino-trionfa-nella-tappa-calabrese-e-vola-alle-semifinali-nazionali\/","og_site_name":"Agimp","article_published_time":"2025-06-04T17:59:04+00:00","article_modified_time":"2025-06-04T18:21:27+00:00","og_image":[{"url":"https:\/\/agimp.it\/wp-content\/uploads\/2025\/06\/Schermata-2025-06-04-alle-19.39.58.png","width":1024,"height":686,"type":"image\/png"}],"author":"Agimp","twitter_card":"summary_large_image","twitter_misc":{"Scritto da":"Agimp","Tempo di lettura stimato":"5 minuti"},"schema":{"@context":"https:\/\/schema.org","@graph":[{"@type":"Article","@id":"https:\/\/agimp.it\/index.php\/2025\/06\/04\/premio-fabrizio-de-andre-2025-fabio-macagnino-trionfa-nella-tappa-calabrese-e-vola-alle-semifinali-nazionali\/#article","isPartOf":{"@id":"https:\/\/agimp.it\/index.php\/2025\/06\/04\/premio-fabrizio-de-andre-2025-fabio-macagnino-trionfa-nella-tappa-calabrese-e-vola-alle-semifinali-nazionali\/"},"author":{"name":"Agimp","@id":"https:\/\/agimp.it\/#\/schema\/person\/b3aa65cde3e25cb99b2bf84900bcb215"},"headline":"PREMIO FABRIZIO DE ANDR\u00c9 2025: FABIO MACAGNINO TRIONFA NELLA TAPPA CALABRESE E VOLA ALLE SEMIFINALI NAZIONALI","datePublished":"2025-06-04T17:59:04+00:00","dateModified":"2025-06-04T18:21:27+00:00","mainEntityOfPage":{"@id":"https:\/\/agimp.it\/index.php\/2025\/06\/04\/premio-fabrizio-de-andre-2025-fabio-macagnino-trionfa-nella-tappa-calabrese-e-vola-alle-semifinali-nazionali\/"},"wordCount":817,"commentCount":0,"publisher":{"@id":"https:\/\/agimp.it\/#organization"},"articleSection":["AGIMP","Eventi","News"],"inLanguage":"it-IT","potentialAction":[{"@type":"CommentAction","name":"Comment","target":["https:\/\/agimp.it\/index.php\/2025\/06\/04\/premio-fabrizio-de-andre-2025-fabio-macagnino-trionfa-nella-tappa-calabrese-e-vola-alle-semifinali-nazionali\/#respond"]}]},{"@type":"WebPage","@id":"https:\/\/agimp.it\/index.php\/2025\/06\/04\/premio-fabrizio-de-andre-2025-fabio-macagnino-trionfa-nella-tappa-calabrese-e-vola-alle-semifinali-nazionali\/","url":"https:\/\/agimp.it\/index.php\/2025\/06\/04\/premio-fabrizio-de-andre-2025-fabio-macagnino-trionfa-nella-tappa-calabrese-e-vola-alle-semifinali-nazionali\/","name":"PREMIO FABRIZIO DE ANDR\u00c9 2025: FABIO MACAGNINO TRIONFA NELLA TAPPA CALABRESE E VOLA ALLE SEMIFINALI NAZIONALI - Agimp","isPartOf":{"@id":"https:\/\/agimp.it\/#website"},"datePublished":"2025-06-04T17:59:04+00:00","dateModified":"2025-06-04T18:21:27+00:00","description":"PREMIO FABRIZIO DE ANDR\u00c9 2025: FABIO MACAGNINO TRIONFA NELLA TAPPA CALABRESE E VOLA ALLE SEMIFINALI NAZIONALI","breadcrumb":{"@id":"https:\/\/agimp.it\/index.php\/2025\/06\/04\/premio-fabrizio-de-andre-2025-fabio-macagnino-trionfa-nella-tappa-calabrese-e-vola-alle-semifinali-nazionali\/#breadcrumb"},"inLanguage":"it-IT","potentialAction":[{"@type":"ReadAction","target":["https:\/\/agimp.it\/index.php\/2025\/06\/04\/premio-fabrizio-de-andre-2025-fabio-macagnino-trionfa-nella-tappa-calabrese-e-vola-alle-semifinali-nazionali\/"]}]},{"@type":"BreadcrumbList","@id":"https:\/\/agimp.it\/index.php\/2025\/06\/04\/premio-fabrizio-de-andre-2025-fabio-macagnino-trionfa-nella-tappa-calabrese-e-vola-alle-semifinali-nazionali\/#breadcrumb","itemListElement":[{"@type":"ListItem","position":1,"name":"Home","item":"https:\/\/agimp.it\/"},{"@type":"ListItem","position":2,"name":"PREMIO FABRIZIO DE ANDR\u00c9 2025: FABIO MACAGNINO TRIONFA NELLA TAPPA CALABRESE E VOLA ALLE SEMIFINALI NAZIONALI"}]},{"@type":"WebSite","@id":"https:\/\/agimp.it\/#website","url":"https:\/\/agimp.it\/","name":"Agimp","description":"Sito ufficiale dell&#039;Associazione Giornalisti e critici Italiani di Musica Popolare contemporanea","publisher":{"@id":"https:\/\/agimp.it\/#organization"},"potentialAction":[{"@type":"SearchAction","target":{"@type":"EntryPoint","urlTemplate":"https:\/\/agimp.it\/?s={search_term_string}"},"query-input":"required name=search_term_string"}],"inLanguage":"it-IT"},{"@type":"Organization","@id":"https:\/\/agimp.it\/#organization","name":"Agimp","url":"https:\/\/agimp.it\/","logo":{"@type":"ImageObject","inLanguage":"it-IT","@id":"https:\/\/agimp.it\/#\/schema\/logo\/image\/","url":"https:\/\/agimp.it\/wp-content\/uploads\/2022\/03\/cropped-banner-sito.jpg","contentUrl":"https:\/\/agimp.it\/wp-content\/uploads\/2022\/03\/cropped-banner-sito.jpg","width":1000,"height":327,"caption":"Agimp"},"image":{"@id":"https:\/\/agimp.it\/#\/schema\/logo\/image\/"}},{"@type":"Person","@id":"https:\/\/agimp.it\/#\/schema\/person\/b3aa65cde3e25cb99b2bf84900bcb215","name":"Agimp","image":{"@type":"ImageObject","inLanguage":"it-IT","@id":"https:\/\/agimp.it\/#\/schema\/person\/image\/","url":"https:\/\/secure.gravatar.com\/avatar\/46b79ab6e61709b4f7376434b6cb7c91c80597ced7305408046ea8a17dc34fc2?s=96&d=mm&r=g","contentUrl":"https:\/\/secure.gravatar.com\/avatar\/46b79ab6e61709b4f7376434b6cb7c91c80597ced7305408046ea8a17dc34fc2?s=96&d=mm&r=g","caption":"Agimp"},"sameAs":["http:\/\/www.agimp.it"],"url":"https:\/\/agimp.it\/index.php\/author\/agimp\/"}]}},"_links":{"self":[{"href":"https:\/\/agimp.it\/index.php\/wp-json\/wp\/v2\/posts\/635","targetHints":{"allow":["GET"]}}],"collection":[{"href":"https:\/\/agimp.it\/index.php\/wp-json\/wp\/v2\/posts"}],"about":[{"href":"https:\/\/agimp.it\/index.php\/wp-json\/wp\/v2\/types\/post"}],"author":[{"embeddable":true,"href":"https:\/\/agimp.it\/index.php\/wp-json\/wp\/v2\/users\/4"}],"replies":[{"embeddable":true,"href":"https:\/\/agimp.it\/index.php\/wp-json\/wp\/v2\/comments?post=635"}],"version-history":[{"count":6,"href":"https:\/\/agimp.it\/index.php\/wp-json\/wp\/v2\/posts\/635\/revisions"}],"predecessor-version":[{"id":646,"href":"https:\/\/agimp.it\/index.php\/wp-json\/wp\/v2\/posts\/635\/revisions\/646"}],"wp:featuredmedia":[{"embeddable":true,"href":"https:\/\/agimp.it\/index.php\/wp-json\/wp\/v2\/media\/638"}],"wp:attachment":[{"href":"https:\/\/agimp.it\/index.php\/wp-json\/wp\/v2\/media?parent=635"}],"wp:term":[{"taxonomy":"category","embeddable":true,"href":"https:\/\/agimp.it\/index.php\/wp-json\/wp\/v2\/categories?post=635"},{"taxonomy":"post_tag","embeddable":true,"href":"https:\/\/agimp.it\/index.php\/wp-json\/wp\/v2\/tags?post=635"}],"curies":[{"name":"wp","href":"https:\/\/api.w.org\/{rel}","templated":true}]}}