{"id":510,"date":"2024-03-06T12:35:59","date_gmt":"2024-03-06T12:35:59","guid":{"rendered":"https:\/\/agimp.it\/?p=510"},"modified":"2024-03-06T13:04:34","modified_gmt":"2024-03-06T13:04:34","slug":"nasce-il-permio-perugia-alberto-alberti-per-il-jazz","status":"publish","type":"post","link":"https:\/\/agimp.it\/index.php\/2024\/03\/06\/nasce-il-permio-perugia-alberto-alberti-per-il-jazz\/","title":{"rendered":"Nasce il PREMIO PERUGIA \u201cAlberto Alberti per il Jazz\u201d"},"content":{"rendered":"<p>Il concorso, nato per ricordare colui che port\u00f2 il \u201c<em>grande<\/em><br \/>\n<em>jazz<\/em>\u201d in Umbria, \u00e8 riservato ai musicisti jazz: solisti, <em>band<\/em> ed <em>ensemble<\/em> fino ad un massimo di 12 elementi, purch\u00e9 non legati da vincoli contrattuali. Al vincitore\/i del <em>contest<\/em> verr\u00e0 garantito un contratto discografico dalla <strong>GleAM Records<\/strong>, con la produzione, pubblicazione e distribuzione su tutto il territorio nazionale di un CD, ufficio stampa e relativa promozione.<br \/>\nDopo una prima valutazione dei materiale audio\/video, fornito dai partecipanti, il Concorso si svolger\u00e0 per selezioni in presenza, dal 01\/05\/2024 al 30\/11\/2024.<br \/>\nLe audizioni, le serata di premiazione e il concerto finale con la presenza di pubblico si svolgeranno,<br \/>\na met\u00e0 dicembre 2024, presso lo <strong>Stix Music Club<\/strong>,<br \/>\n<strong>Strada San Pietrino 1\/B, Perugia, zona Madonna <\/strong><strong>Alta.<\/strong><br \/>\nPer partecipare \u00e8 disponibile una modulistica on line predisposta alla compilazione, scaricabile in<br \/>\nformato PDF dai siti: <a href=\"http:\/\/www.doppiojazz.it\"><strong>www.doppiojazz.it<\/strong><\/a> e <a href=\"http:\/\/www.stix.it\"><strong>www.stix.it<\/strong><\/a> e da inviare via mail a:<\/p>\n<p><strong><a href=\"mailto:info@doppiojazz.it\">info@doppiojazz.it<\/a><\/strong><br \/>\n<a href=\"mailto:stix@stix.it\"><strong>stix@stix.it<\/strong><\/a><\/p>\n<p><strong>ALBERTO ALBERTI<\/strong>. Produttore Discografico, Impresario, Organizzatore di eventi.<br \/>\nQuando <strong>Alberto Alberti<\/strong> nel 1973, insieme a <strong>Carlo Pagnotta<\/strong> e <strong>Gino Gigante<\/strong>, suo fidato collaboratore<br \/>\ndiede vita a <em><strong>Umbria Jazz<\/strong><\/em>, era il riferimento principale in Italia di alcuni dei massimi artisti jazz, per i<br \/>\nquali svolgeva l\u2019attivit\u00e0 di manager e intermediario per tutta l\u2019Europa: <strong>Miles Davis<\/strong>, <strong>Dexter Gordon<\/strong>,<br \/>\n<strong>Sarah Vaughan<\/strong>, <strong>Ella Fitzgerald,<\/strong> <strong>Cedar Walton<\/strong>, <strong>Chet Baker,<\/strong> <strong>Ren\u00e9 Thomas<\/strong>, <strong>Gato Barbieri<\/strong>, <strong>Kenny Clarke<\/strong>, <strong>Thelonious Monk<\/strong>, <strong>Charles Mingus<\/strong>, <strong>Art Blakey<\/strong> e altri. Assieme ad <strong>Antonio \u201cCicci\u201d Foresti<\/strong> il ventiseienne Alberti, nel 1958, aveva gi\u00e0 creato il <em><strong>Bologna Jazz Festival<\/strong><\/em>. Sempre in occasione di <em>Umbria<\/em><br \/>\n<em>Jazz<\/em>, il manager bolognese, conobbe l\u2019allora giovane <strong>Sergio Veschi<\/strong> con il quale, nel 1976, fond\u00f2 la<br \/>\n<em><strong>Red Records<\/strong><\/em>, destinata a divenire una delle pi\u00f9 importanti etichette indipendenti europee, al pari<br \/>\ndella danese <em><strong>SteepleChase<\/strong><\/em> e dalla tedesca <em><strong>Enja<\/strong><\/em>. Con la Red Record Alberti pubblic\u00f2 i dischi di <strong>Sam<\/strong><br \/>\n<strong>Rivers, Phil Woods, Cedar Walton, Kenny Barron, Massimo Urbani, Joe Henderson, Charlie Rouse,<\/strong><br \/>\n<strong>Bobby Watson, Billy Higgins, Viktor Lewis<\/strong> e tanti altri. Alberti e Veschi, nel 1990, ebbero la geniale<br \/>\nidea di allestire una formazione all-stars chiamata <em><strong>Jazz Tribe<\/strong><\/em>, formata da <strong>Jack Walrath<\/strong> alla tromba,<br \/>\n<strong>Bobby Watson<\/strong> al sax alto,<strong> Walter Bishop Jr.<\/strong> al piano, <strong>Charles Fambrough<\/strong> al contrabbasso, <strong>Joe<\/strong><br \/>\n<strong>Chambers<\/strong> alla batteria e <strong>Ray Mantilla<\/strong> alle percussioni. Non secondaria fu la sua attivit\u00e0 di produttore presso l\u2019<strong>RCA<\/strong> per l\u2019etichetta <em><strong>Vik<\/strong><\/em> specializzata in jazz, su cui pubblic\u00f2 <strong>Steve Lacy in trio<\/strong>, <strong>Paul<\/strong><br \/>\n<strong>Bley, Cecil Taylor e Chet Baker.<\/strong><br \/>\nL\u2019amore per jazz da parte di Alberto Alberti, batterista dilettante che si autodefiniva \u00abil miglior<img loading=\"lazy\" decoding=\"async\" class=\"alignright wp-image-514\" src=\"https:\/\/agimp.it\/wp-content\/uploads\/2024\/03\/Alberto_Alberti_JoeHenderson-150x150.jpg\" alt=\"\" width=\"174\" height=\"174\" srcset=\"https:\/\/agimp.it\/wp-content\/uploads\/2024\/03\/Alberto_Alberti_JoeHenderson-150x150.jpg 150w, https:\/\/agimp.it\/wp-content\/uploads\/2024\/03\/Alberto_Alberti_JoeHenderson-300x300.jpg 300w\" sizes=\"auto, (max-width: 174px) 100vw, 174px\" \/><br \/>\npiatto dell\u2019Emilia Romagna\u00bb, proveniva da molto lontano. Nel 1953, poco pi\u00f9 che ventenne, insieme all\u2019amico <strong>Carlo Trevisani<\/strong>, si trasfer\u00ec in Inghilterra dove si mantenne facendo il cameriere e lavoretti vari ma, soprattutto, frequentando la scena jazz londinese, notturna e diurna. In una delle varie scorribande per le strade della capitale dell\u2019impero britannico, al numero 100 di Oxford Street,<br \/>\nAlberto conobbe il proprietario di un negozio di <em>dischi jazz<\/em>, <strong>Colin Pomroy<\/strong>, il quale dopo averlo pre-<br \/>\nso in simpatia per i suoi ripetuti acquisti e la certosina conoscenza della materia, gli propose di<br \/>\naprire in Italia un punto vendita specializzato in supporti fonografici d\u2019importazione con lo stesso<br \/>\nmarchio di quello londinese, un\u2019attivit\u00e0 commerciale che Colin stesso averebbe finanziato e rifornito di materiale discografico in conto deposito, senza che la controparte dovesse versare anticipi o<br \/>\nacconti. Alberti ed il suo amico trovarono la proposta allettante e priva di rischi accettandola al<br \/>\nvolo. Non pass\u00f2, infatti, molto tempo prima che, in Via Caprarie 3 a Bologna, venisse inaugurato il<br \/>\nleggendario<em><strong> Disclub<\/strong><\/em>, il primo negozio italiano dedicato esclusivamente agli album <em>jazz<\/em> d\u2019importazione. Il punto vendita bolognese divenne ben presto il fulcro di un\u2019intensa attivit\u00e0 <em>jazzistica<\/em>, nonch\u00e9 luogo di ritrovo e di riferimento per decine musicisti e addetti ai lavori.<br \/>\nAlberto Alberti \u00e8 stata una delle figure pi\u00f9 significative per la diffusione del <em>jazz<\/em> in Italia, di cui ha<br \/>\nallargato la visione e i confini rispetto ad altre gestioni o organizzazioni di eventi, manifestazioni ed<br \/>\niniziative similari, certamente, pi\u00f9 ristrette, localistiche, elitarie e meno inclini alla divulgazione di<br \/>\nmassa. Negli anni Settanta, con l\u2019arrivo delle avanguardie e dei movimenti studenteschi e antagonisti, Alberti seppe cogliere un momento storico importantissimo, portando il jazz oltre l\u2019interesse degli avvocati e notabili di provincia, estendendone la conoscenza presso un pubblico molto pi\u00f9 vasto e popolare: il caso di Umbria Jazz \u00e8 fondamentale per comprendere le proporzioni del fenomeno. Un piccola regione, famosa per la sua misticit\u00e0, ed una citt\u00e0 come Perugia, arroccata nelle sue tradizioni, per quanto apprezzabile per le bellezze architettoniche, che si ritrova improvvisamente ad accogliere una massa umana fatta di giovani e appassionati di jazz provenienti da ogni parte del<br \/>\npianeta. Fenomeno che, per il codice ideale dell\u2019organizzazione di eventi musicali, stabilisce un precedente divenendo un modello da imitare. Perugia che si trasforma per alcuni giorni in una sorta di <em><strong>Woodstock<\/strong> <strong>urbano<\/strong><\/em> a cielo aperto. Soprattutto Umbria Jazz che, grazie alle conoscenze e ai legami di Alberto Alberti, assume i connotati di un fenomeno riconosciuto a livello mondiale da artisti e addetti ai lavori.<br \/>\n<img loading=\"lazy\" decoding=\"async\" class=\"alignleft wp-image-515\" src=\"https:\/\/agimp.it\/wp-content\/uploads\/2024\/03\/alberto-alberti_4-150x150.jpg\" alt=\"\" width=\"176\" height=\"176\" srcset=\"https:\/\/agimp.it\/wp-content\/uploads\/2024\/03\/alberto-alberti_4-150x150.jpg 150w, https:\/\/agimp.it\/wp-content\/uploads\/2024\/03\/alberto-alberti_4-300x300.jpg 300w\" sizes=\"auto, (max-width: 176px) 100vw, 176px\" \/>Alberto \u00e8 scomparso nel settembre del 2006, a causa di una brutta malattia, poco dopo aver ricevuto l\u2019incarico di sovrintendere alla rinascita del <em><strong>Festival Jazz di Bologna<\/strong><\/em>, un evento al quale da lungo tempo sognava di ridare vita e di riportare agli antichi splendori. Alberti, sia come organizzatore che come discografico e manager, era un professionista brillante, cortese, visionario, lungimirante, con un carattere non facile, non privo di contraddizioni e sbalzi umorali. Per contro, era un uomo diretto, senza retorica, fortemente induttivo e in grado di travasare entusiasmo in quanti gravitavano negli ambienti jazzistici italiani: giornalisti, studiosi, musicisti, fotografi, tecnici, discografici e addetti ai lavori a vario titolo; soprattutto, come organizzatore, era dotato di una penetrante comunicativa basata sulla capacit\u00e0 di attutire le riluttanze dei suoi artisti, sovente in preda ai capricci e a certi vizi da divi, riportandoli all\u2019ordine delle faccende pratiche e umane, dunque a rispettare gli impegni assunti, senza forzature ma con uno straordinario lavoro di tipo psicologico, che lo manteneva sempre su un piano paritetico e mai subalterno perfino rispetto a talune vedette internazionali del jazz. Una figura carismatica, quella di <strong>Alberto Alberti,<\/strong> un <em>unicum<\/em> non clonabile in certi ambienti, specie nell\u2019improvvisato microcosmo dell\u2019odierna organizzazione di eventi musicali e fiere della vanit\u00e0.<\/p>\n<p>&nbsp;<\/p>\n<p><strong>Perugia, 11\/02\/2024<\/strong><\/p>\n","protected":false},"excerpt":{"rendered":"<p>Il concorso, nato per ricordare colui che port\u00f2 il \u201cgrande jazz\u201d in Umbria, \u00e8 riservato ai musicisti jazz: solisti, band&hellip;<\/p>\n","protected":false},"author":4,"featured_media":513,"comment_status":"open","ping_status":"open","sticky":false,"template":"","format":"standard","meta":{"footnotes":""},"categories":[16,15,14],"tags":[],"class_list":["post-510","post","type-post","status-publish","format-standard","has-post-thumbnail","hentry","category-agimp","category-eventi","category-news"],"yoast_head":"<!-- This site is optimized with the Yoast SEO plugin v20.4 - https:\/\/yoast.com\/wordpress\/plugins\/seo\/ -->\n<title>Nasce il PREMIO PERUGIA \u201cAlberto Alberti per il Jazz\u201d - Agimp<\/title>\n<meta name=\"description\" content=\"Nasce il PERMIO PERUGIA \u201cAlberto Alberti per il Jazz\u201d\" \/>\n<meta name=\"robots\" content=\"index, follow, max-snippet:-1, max-image-preview:large, max-video-preview:-1\" \/>\n<link rel=\"canonical\" href=\"https:\/\/agimp.it\/index.php\/2024\/03\/06\/nasce-il-permio-perugia-alberto-alberti-per-il-jazz\/\" \/>\n<meta property=\"og:locale\" content=\"it_IT\" \/>\n<meta property=\"og:type\" content=\"article\" \/>\n<meta property=\"og:title\" content=\"Nasce il PREMIO PERUGIA \u201cAlberto Alberti per il Jazz\u201d - Agimp\" \/>\n<meta property=\"og:description\" content=\"Nasce il PERMIO PERUGIA \u201cAlberto Alberti per il Jazz\u201d\" \/>\n<meta property=\"og:url\" content=\"https:\/\/agimp.it\/index.php\/2024\/03\/06\/nasce-il-permio-perugia-alberto-alberti-per-il-jazz\/\" \/>\n<meta property=\"og:site_name\" content=\"Agimp\" \/>\n<meta property=\"article:published_time\" content=\"2024-03-06T12:35:59+00:00\" \/>\n<meta property=\"article:modified_time\" content=\"2024-03-06T13:04:34+00:00\" \/>\n<meta property=\"og:image\" content=\"https:\/\/agimp.it\/wp-content\/uploads\/2024\/03\/NASCE-IL-PREMIO-PERUGIA-ALBERTO-ALBERTI-PER-IL-JAZZ.png\" \/>\n\t<meta property=\"og:image:width\" content=\"2202\" \/>\n\t<meta property=\"og:image:height\" content=\"1050\" \/>\n\t<meta property=\"og:image:type\" content=\"image\/png\" \/>\n<meta name=\"author\" content=\"Agimp\" \/>\n<meta name=\"twitter:card\" content=\"summary_large_image\" \/>\n<meta name=\"twitter:label1\" content=\"Scritto da\" \/>\n\t<meta name=\"twitter:data1\" content=\"Agimp\" \/>\n\t<meta name=\"twitter:label2\" content=\"Tempo di lettura stimato\" \/>\n\t<meta name=\"twitter:data2\" content=\"6 minuti\" \/>\n<script type=\"application\/ld+json\" class=\"yoast-schema-graph\">{\"@context\":\"https:\/\/schema.org\",\"@graph\":[{\"@type\":\"Article\",\"@id\":\"https:\/\/agimp.it\/index.php\/2024\/03\/06\/nasce-il-permio-perugia-alberto-alberti-per-il-jazz\/#article\",\"isPartOf\":{\"@id\":\"https:\/\/agimp.it\/index.php\/2024\/03\/06\/nasce-il-permio-perugia-alberto-alberti-per-il-jazz\/\"},\"author\":{\"name\":\"Agimp\",\"@id\":\"https:\/\/agimp.it\/#\/schema\/person\/b3aa65cde3e25cb99b2bf84900bcb215\"},\"headline\":\"Nasce il PREMIO PERUGIA \u201cAlberto Alberti per il Jazz\u201d\",\"datePublished\":\"2024-03-06T12:35:59+00:00\",\"dateModified\":\"2024-03-06T13:04:34+00:00\",\"mainEntityOfPage\":{\"@id\":\"https:\/\/agimp.it\/index.php\/2024\/03\/06\/nasce-il-permio-perugia-alberto-alberti-per-il-jazz\/\"},\"wordCount\":1058,\"commentCount\":0,\"publisher\":{\"@id\":\"https:\/\/agimp.it\/#organization\"},\"articleSection\":[\"AGIMP\",\"Eventi\",\"News\"],\"inLanguage\":\"it-IT\",\"potentialAction\":[{\"@type\":\"CommentAction\",\"name\":\"Comment\",\"target\":[\"https:\/\/agimp.it\/index.php\/2024\/03\/06\/nasce-il-permio-perugia-alberto-alberti-per-il-jazz\/#respond\"]}]},{\"@type\":\"WebPage\",\"@id\":\"https:\/\/agimp.it\/index.php\/2024\/03\/06\/nasce-il-permio-perugia-alberto-alberti-per-il-jazz\/\",\"url\":\"https:\/\/agimp.it\/index.php\/2024\/03\/06\/nasce-il-permio-perugia-alberto-alberti-per-il-jazz\/\",\"name\":\"Nasce il PREMIO PERUGIA \u201cAlberto Alberti per il Jazz\u201d - Agimp\",\"isPartOf\":{\"@id\":\"https:\/\/agimp.it\/#website\"},\"datePublished\":\"2024-03-06T12:35:59+00:00\",\"dateModified\":\"2024-03-06T13:04:34+00:00\",\"description\":\"Nasce il PERMIO PERUGIA \u201cAlberto Alberti per il Jazz\u201d\",\"breadcrumb\":{\"@id\":\"https:\/\/agimp.it\/index.php\/2024\/03\/06\/nasce-il-permio-perugia-alberto-alberti-per-il-jazz\/#breadcrumb\"},\"inLanguage\":\"it-IT\",\"potentialAction\":[{\"@type\":\"ReadAction\",\"target\":[\"https:\/\/agimp.it\/index.php\/2024\/03\/06\/nasce-il-permio-perugia-alberto-alberti-per-il-jazz\/\"]}]},{\"@type\":\"BreadcrumbList\",\"@id\":\"https:\/\/agimp.it\/index.php\/2024\/03\/06\/nasce-il-permio-perugia-alberto-alberti-per-il-jazz\/#breadcrumb\",\"itemListElement\":[{\"@type\":\"ListItem\",\"position\":1,\"name\":\"Home\",\"item\":\"https:\/\/agimp.it\/\"},{\"@type\":\"ListItem\",\"position\":2,\"name\":\"Nasce il PREMIO PERUGIA \u201cAlberto Alberti per il Jazz\u201d\"}]},{\"@type\":\"WebSite\",\"@id\":\"https:\/\/agimp.it\/#website\",\"url\":\"https:\/\/agimp.it\/\",\"name\":\"Agimp\",\"description\":\"Sito ufficiale dell&#039;Associazione Giornalisti e critici Italiani di Musica Popolare contemporanea\",\"publisher\":{\"@id\":\"https:\/\/agimp.it\/#organization\"},\"potentialAction\":[{\"@type\":\"SearchAction\",\"target\":{\"@type\":\"EntryPoint\",\"urlTemplate\":\"https:\/\/agimp.it\/?s={search_term_string}\"},\"query-input\":\"required name=search_term_string\"}],\"inLanguage\":\"it-IT\"},{\"@type\":\"Organization\",\"@id\":\"https:\/\/agimp.it\/#organization\",\"name\":\"Agimp\",\"url\":\"https:\/\/agimp.it\/\",\"logo\":{\"@type\":\"ImageObject\",\"inLanguage\":\"it-IT\",\"@id\":\"https:\/\/agimp.it\/#\/schema\/logo\/image\/\",\"url\":\"https:\/\/agimp.it\/wp-content\/uploads\/2022\/03\/cropped-banner-sito.jpg\",\"contentUrl\":\"https:\/\/agimp.it\/wp-content\/uploads\/2022\/03\/cropped-banner-sito.jpg\",\"width\":1000,\"height\":327,\"caption\":\"Agimp\"},\"image\":{\"@id\":\"https:\/\/agimp.it\/#\/schema\/logo\/image\/\"}},{\"@type\":\"Person\",\"@id\":\"https:\/\/agimp.it\/#\/schema\/person\/b3aa65cde3e25cb99b2bf84900bcb215\",\"name\":\"Agimp\",\"image\":{\"@type\":\"ImageObject\",\"inLanguage\":\"it-IT\",\"@id\":\"https:\/\/agimp.it\/#\/schema\/person\/image\/\",\"url\":\"https:\/\/secure.gravatar.com\/avatar\/46b79ab6e61709b4f7376434b6cb7c91c80597ced7305408046ea8a17dc34fc2?s=96&d=mm&r=g\",\"contentUrl\":\"https:\/\/secure.gravatar.com\/avatar\/46b79ab6e61709b4f7376434b6cb7c91c80597ced7305408046ea8a17dc34fc2?s=96&d=mm&r=g\",\"caption\":\"Agimp\"},\"sameAs\":[\"http:\/\/www.agimp.it\"],\"url\":\"https:\/\/agimp.it\/index.php\/author\/agimp\/\"}]}<\/script>\n<!-- \/ Yoast SEO plugin. -->","yoast_head_json":{"title":"Nasce il PREMIO PERUGIA \u201cAlberto Alberti per il Jazz\u201d - Agimp","description":"Nasce il PERMIO PERUGIA \u201cAlberto Alberti per il Jazz\u201d","robots":{"index":"index","follow":"follow","max-snippet":"max-snippet:-1","max-image-preview":"max-image-preview:large","max-video-preview":"max-video-preview:-1"},"canonical":"https:\/\/agimp.it\/index.php\/2024\/03\/06\/nasce-il-permio-perugia-alberto-alberti-per-il-jazz\/","og_locale":"it_IT","og_type":"article","og_title":"Nasce il PREMIO PERUGIA \u201cAlberto Alberti per il Jazz\u201d - Agimp","og_description":"Nasce il PERMIO PERUGIA \u201cAlberto Alberti per il Jazz\u201d","og_url":"https:\/\/agimp.it\/index.php\/2024\/03\/06\/nasce-il-permio-perugia-alberto-alberti-per-il-jazz\/","og_site_name":"Agimp","article_published_time":"2024-03-06T12:35:59+00:00","article_modified_time":"2024-03-06T13:04:34+00:00","og_image":[{"width":2202,"height":1050,"url":"https:\/\/agimp.it\/wp-content\/uploads\/2024\/03\/NASCE-IL-PREMIO-PERUGIA-ALBERTO-ALBERTI-PER-IL-JAZZ.png","type":"image\/png"}],"author":"Agimp","twitter_card":"summary_large_image","twitter_misc":{"Scritto da":"Agimp","Tempo di lettura stimato":"6 minuti"},"schema":{"@context":"https:\/\/schema.org","@graph":[{"@type":"Article","@id":"https:\/\/agimp.it\/index.php\/2024\/03\/06\/nasce-il-permio-perugia-alberto-alberti-per-il-jazz\/#article","isPartOf":{"@id":"https:\/\/agimp.it\/index.php\/2024\/03\/06\/nasce-il-permio-perugia-alberto-alberti-per-il-jazz\/"},"author":{"name":"Agimp","@id":"https:\/\/agimp.it\/#\/schema\/person\/b3aa65cde3e25cb99b2bf84900bcb215"},"headline":"Nasce il PREMIO PERUGIA \u201cAlberto Alberti per il Jazz\u201d","datePublished":"2024-03-06T12:35:59+00:00","dateModified":"2024-03-06T13:04:34+00:00","mainEntityOfPage":{"@id":"https:\/\/agimp.it\/index.php\/2024\/03\/06\/nasce-il-permio-perugia-alberto-alberti-per-il-jazz\/"},"wordCount":1058,"commentCount":0,"publisher":{"@id":"https:\/\/agimp.it\/#organization"},"articleSection":["AGIMP","Eventi","News"],"inLanguage":"it-IT","potentialAction":[{"@type":"CommentAction","name":"Comment","target":["https:\/\/agimp.it\/index.php\/2024\/03\/06\/nasce-il-permio-perugia-alberto-alberti-per-il-jazz\/#respond"]}]},{"@type":"WebPage","@id":"https:\/\/agimp.it\/index.php\/2024\/03\/06\/nasce-il-permio-perugia-alberto-alberti-per-il-jazz\/","url":"https:\/\/agimp.it\/index.php\/2024\/03\/06\/nasce-il-permio-perugia-alberto-alberti-per-il-jazz\/","name":"Nasce il PREMIO PERUGIA \u201cAlberto Alberti per il Jazz\u201d - Agimp","isPartOf":{"@id":"https:\/\/agimp.it\/#website"},"datePublished":"2024-03-06T12:35:59+00:00","dateModified":"2024-03-06T13:04:34+00:00","description":"Nasce il PERMIO PERUGIA \u201cAlberto Alberti per il Jazz\u201d","breadcrumb":{"@id":"https:\/\/agimp.it\/index.php\/2024\/03\/06\/nasce-il-permio-perugia-alberto-alberti-per-il-jazz\/#breadcrumb"},"inLanguage":"it-IT","potentialAction":[{"@type":"ReadAction","target":["https:\/\/agimp.it\/index.php\/2024\/03\/06\/nasce-il-permio-perugia-alberto-alberti-per-il-jazz\/"]}]},{"@type":"BreadcrumbList","@id":"https:\/\/agimp.it\/index.php\/2024\/03\/06\/nasce-il-permio-perugia-alberto-alberti-per-il-jazz\/#breadcrumb","itemListElement":[{"@type":"ListItem","position":1,"name":"Home","item":"https:\/\/agimp.it\/"},{"@type":"ListItem","position":2,"name":"Nasce il PREMIO PERUGIA \u201cAlberto Alberti per il Jazz\u201d"}]},{"@type":"WebSite","@id":"https:\/\/agimp.it\/#website","url":"https:\/\/agimp.it\/","name":"Agimp","description":"Sito ufficiale dell&#039;Associazione Giornalisti e critici Italiani di Musica Popolare contemporanea","publisher":{"@id":"https:\/\/agimp.it\/#organization"},"potentialAction":[{"@type":"SearchAction","target":{"@type":"EntryPoint","urlTemplate":"https:\/\/agimp.it\/?s={search_term_string}"},"query-input":"required name=search_term_string"}],"inLanguage":"it-IT"},{"@type":"Organization","@id":"https:\/\/agimp.it\/#organization","name":"Agimp","url":"https:\/\/agimp.it\/","logo":{"@type":"ImageObject","inLanguage":"it-IT","@id":"https:\/\/agimp.it\/#\/schema\/logo\/image\/","url":"https:\/\/agimp.it\/wp-content\/uploads\/2022\/03\/cropped-banner-sito.jpg","contentUrl":"https:\/\/agimp.it\/wp-content\/uploads\/2022\/03\/cropped-banner-sito.jpg","width":1000,"height":327,"caption":"Agimp"},"image":{"@id":"https:\/\/agimp.it\/#\/schema\/logo\/image\/"}},{"@type":"Person","@id":"https:\/\/agimp.it\/#\/schema\/person\/b3aa65cde3e25cb99b2bf84900bcb215","name":"Agimp","image":{"@type":"ImageObject","inLanguage":"it-IT","@id":"https:\/\/agimp.it\/#\/schema\/person\/image\/","url":"https:\/\/secure.gravatar.com\/avatar\/46b79ab6e61709b4f7376434b6cb7c91c80597ced7305408046ea8a17dc34fc2?s=96&d=mm&r=g","contentUrl":"https:\/\/secure.gravatar.com\/avatar\/46b79ab6e61709b4f7376434b6cb7c91c80597ced7305408046ea8a17dc34fc2?s=96&d=mm&r=g","caption":"Agimp"},"sameAs":["http:\/\/www.agimp.it"],"url":"https:\/\/agimp.it\/index.php\/author\/agimp\/"}]}},"_links":{"self":[{"href":"https:\/\/agimp.it\/index.php\/wp-json\/wp\/v2\/posts\/510","targetHints":{"allow":["GET"]}}],"collection":[{"href":"https:\/\/agimp.it\/index.php\/wp-json\/wp\/v2\/posts"}],"about":[{"href":"https:\/\/agimp.it\/index.php\/wp-json\/wp\/v2\/types\/post"}],"author":[{"embeddable":true,"href":"https:\/\/agimp.it\/index.php\/wp-json\/wp\/v2\/users\/4"}],"replies":[{"embeddable":true,"href":"https:\/\/agimp.it\/index.php\/wp-json\/wp\/v2\/comments?post=510"}],"version-history":[{"count":4,"href":"https:\/\/agimp.it\/index.php\/wp-json\/wp\/v2\/posts\/510\/revisions"}],"predecessor-version":[{"id":518,"href":"https:\/\/agimp.it\/index.php\/wp-json\/wp\/v2\/posts\/510\/revisions\/518"}],"wp:featuredmedia":[{"embeddable":true,"href":"https:\/\/agimp.it\/index.php\/wp-json\/wp\/v2\/media\/513"}],"wp:attachment":[{"href":"https:\/\/agimp.it\/index.php\/wp-json\/wp\/v2\/media?parent=510"}],"wp:term":[{"taxonomy":"category","embeddable":true,"href":"https:\/\/agimp.it\/index.php\/wp-json\/wp\/v2\/categories?post=510"},{"taxonomy":"post_tag","embeddable":true,"href":"https:\/\/agimp.it\/index.php\/wp-json\/wp\/v2\/tags?post=510"}],"curies":[{"name":"wp","href":"https:\/\/api.w.org\/{rel}","templated":true}]}}